{"id":3511,"date":"2024-10-25T15:28:17","date_gmt":"2024-10-25T13:28:17","guid":{"rendered":"https:\/\/parkmuzakowski.nid.pl\/de\/?p=3511"},"modified":"2024-12-16T16:02:29","modified_gmt":"2024-12-16T15:02:29","slug":"konzert-der-philharmonie-zielona-gora-anlaesslich-des-geburtstags-von-hermann-von-pueckler-muskau","status":"publish","type":"post","link":"https:\/\/parkmuzakowski.nid.pl\/de\/konzert-der-philharmonie-zielona-gora-anlaesslich-des-geburtstags-von-hermann-von-pueckler-muskau\/","title":{"rendered":"Konzert der Philharmonie Zielona G\u00f3ra anl\u00e4sslich des Geburtstags von Hermann von P\u00fcckler-Muskau"},"content":{"rendered":"<p><strong>Am 30. Oktober 2024 wird sich der der Geburt von Hermann von P\u00fcckler-Muskau zum 239 Mal j\u00e4hren. Aus diesem Anlass findet um 19.00 Uhr im Neuen Schloss das Konzert statt, bei dem K\u00fcnstler der Philharmonie Zielona G\u00f3<\/strong><strong>ra die \u201eVier Jahreszeiten\u201c von Antonio Vivaldi auff\u00fchren. <\/strong><\/p>\n<p>Das Konzert soll an den Geburtstag des am 30. Oktober 1785 geborenen G\u00e4rtners und Schriftstellers Hermann F\u00fcrst von P\u00fcckler-Muskau erinnern. Mit seiner T\u00e4tigkeit hat er die Entwicklung der Gartenkunst ma\u00dfgeblich beeinflusst, und seine Werke, darunter der Muskauer Park, beeindrucken bis heute durch ihre \u00c4sthetik und sorgf\u00e4ltige Gestaltung.<\/p>\n<p>W\u00e4hrend des Konzerts wird das Publikum die Gelegenheit haben, den \u201eVier Jahreszeiten\u201c von Antonio Vivaldi zu lauschen, die die wechselnden Gesichter der Natur im Park auf meisterhafte Weise widerspiegeln. Jeder Teil der Komposition entf\u00fchrt die Zuh\u00f6rer in eine andere Jahreszeit und zeichnet ein lebendiges bringt Bild von deren charakteristischen Kl\u00e4ngen und Stimmungen. Vivaldis Musik beschw\u00f6rt Bilder von Fr\u00fchlingserwachen, Sommerfreude, Herbstmelancholie und Winterstille und l\u00e4dt zu einer musikalischen Reise durch den Jahreskreis ein.<\/p>\n<p>F\u00fcr das Publikum spielen K\u00fcnstler der Philharmonie von Zielona G\u00f3ra:<\/p>\n<ul>\n<li>Robert Kwiatkowski &#8211; Geige (Konzertmeister)<\/li>\n<li>Kamila Sus\u0142owicz-\u017bmijak &#8211; Geige<\/li>\n<li>Beata Go\u0142emberska &#8211; Geige<\/li>\n<li>Zuzanna W\u0142odarczyk &#8211; Geige<\/li>\n<li>Laura W\u00f3jcik &#8211; Geige<\/li>\n<li>Iwona Wasiak &#8211; Geige<\/li>\n<li>Agata D\u0105browska &#8211; Geige<\/li>\n<li>Weronika Podkul &#8211; Geige<\/li>\n<li>Jolanta Dusze\u0144ko-Lachowicz &#8211; Bratsche<\/li>\n<li>Katarzyna Wietrenko-Tumi\u0144ska &#8211; Bratsche<\/li>\n<li>Ewelina \u0141askarzewska &#8211; Cello<\/li>\n<li>Olga Grabowska &#8211; Cello<\/li>\n<li>Yulia Kapustkaya &#8211; Kontrabass<\/li>\n<li>Ryszard Zimnicki &#8211; Cembalo<\/li>\n<\/ul>\n<p>Eintritt frei.<\/p>\n<p>Das Konzert wird vom Ministerium f\u00fcr Kultur und Nationales Erbe in Zusammenarbeit mit der Stiftung Stiftung \u201eF\u00fcrst-P\u00fcckler-Park Bad Muskau veranstaltet<\/p>\n<p>Veranstaltung im Rahmen des Projektes \u201eMuskauer Park &#8211; Steigerung der touristischen Attraktivit\u00e4t und Barrierefreiheit des UNESCO-Welterbes\u201c finanziert durch das INTERREG-Kooperationsprogramm Polen-Sachsen 2021-2027.<\/p>\n<p><img loading=\"lazy\" decoding=\"async\" class=\"alignnone wp-image-3527 size-large\" src=\"https:\/\/parkmuzakowski.nid.pl\/de\/wp-content\/uploads\/2024\/10\/belka-DE-1024x132.png\" alt=\"\" width=\"1024\" height=\"132\" srcset=\"https:\/\/parkmuzakowski.nid.pl\/de\/wp-content\/uploads\/2024\/10\/belka-DE-980x126.png 980w, https:\/\/parkmuzakowski.nid.pl\/de\/wp-content\/uploads\/2024\/10\/belka-DE-480x62.png 480w\" sizes=\"(min-width: 0px) and (max-width: 480px) 480px, (min-width: 481px) and (max-width: 980px) 980px, (min-width: 981px) 1024px, 100vw\" \/><\/p>\n","protected":false},"excerpt":{"rendered":"<p>Am 30. Oktober 2024 wird sich der der Geburt von Hermann von P\u00fcckler-Muskau zum 239 Mal j\u00e4hren. Aus diesem Anlass findet um 19.00 Uhr im Neuen Schloss das Konzert statt, bei dem K\u00fcnstler der Philharmonie Zielona G\u00f3ra die \u201eVier Jahreszeiten\u201c von Antonio Vivaldi auff\u00fchren. Das Konzert soll an den Geburtstag des am 30. Oktober 1785 [&hellip;]<\/p>\n","protected":false},"author":14,"featured_media":3512,"comment_status":"open","ping_status":"open","sticky":false,"template":"","format":"standard","meta":{"_acf_changed":false,"_et_pb_use_builder":"","_et_pb_old_content":"","_et_gb_content_width":"","footnotes":""},"categories":[53],"tags":[],"class_list":["post-3511","post","type-post","status-publish","format-standard","has-post-thumbnail","hentry","category-aktuelles"],"acf":[],"_links":{"self":[{"href":"https:\/\/parkmuzakowski.nid.pl\/de\/wp-json\/wp\/v2\/posts\/3511","targetHints":{"allow":["GET"]}}],"collection":[{"href":"https:\/\/parkmuzakowski.nid.pl\/de\/wp-json\/wp\/v2\/posts"}],"about":[{"href":"https:\/\/parkmuzakowski.nid.pl\/de\/wp-json\/wp\/v2\/types\/post"}],"author":[{"embeddable":true,"href":"https:\/\/parkmuzakowski.nid.pl\/de\/wp-json\/wp\/v2\/users\/14"}],"replies":[{"embeddable":true,"href":"https:\/\/parkmuzakowski.nid.pl\/de\/wp-json\/wp\/v2\/comments?post=3511"}],"version-history":[{"count":2,"href":"https:\/\/parkmuzakowski.nid.pl\/de\/wp-json\/wp\/v2\/posts\/3511\/revisions"}],"predecessor-version":[{"id":3529,"href":"https:\/\/parkmuzakowski.nid.pl\/de\/wp-json\/wp\/v2\/posts\/3511\/revisions\/3529"}],"wp:featuredmedia":[{"embeddable":true,"href":"https:\/\/parkmuzakowski.nid.pl\/de\/wp-json\/wp\/v2\/media\/3512"}],"wp:attachment":[{"href":"https:\/\/parkmuzakowski.nid.pl\/de\/wp-json\/wp\/v2\/media?parent=3511"}],"wp:term":[{"taxonomy":"category","embeddable":true,"href":"https:\/\/parkmuzakowski.nid.pl\/de\/wp-json\/wp\/v2\/categories?post=3511"},{"taxonomy":"post_tag","embeddable":true,"href":"https:\/\/parkmuzakowski.nid.pl\/de\/wp-json\/wp\/v2\/tags?post=3511"}],"curies":[{"name":"wp","href":"https:\/\/api.w.org\/{rel}","templated":true}]}}