{"id":3493,"date":"2024-07-19T09:57:27","date_gmt":"2024-07-19T07:57:27","guid":{"rendered":"https:\/\/parkmuzakowski.nid.pl\/de\/?p=3493"},"modified":"2024-12-16T16:03:11","modified_gmt":"2024-12-16T15:03:11","slug":"sommer-im-muskauer-park","status":"publish","type":"post","link":"https:\/\/parkmuzakowski.nid.pl\/de\/sommer-im-muskauer-park\/","title":{"rendered":"Sommer im Muskauer Park"},"content":{"rendered":"<p><b><span data-contrast=\"auto\">Wir haben f\u00fcr Sie Angebote f\u00fcr unvergessliche Ferientage vorbereitet! Im Juli und August werden spezielle F\u00fchrungen und Radtouren im Muskauer Park angeboten. Mit Hilfe der G\u00e4stef\u00fchrer werden Sie faszinierende Geschichten \u00fcber den Park selbst und die Menschen, die mit ihm verbunden sind, entdecken, darunter Hermann von P\u00fcckler-Muskau und seine Vision einer idealen kleinen Welt. Jeder Schritt bringt eine \u00dcberraschung und die M\u00f6glichkeit, etwas \u00fcber die bemerkenswerte Vergangenheit dieses Ortes zu erfahren.<\/span><\/b><span data-ccp-props=\"{&quot;201341983&quot;:0,&quot;335559739&quot;:160,&quot;335559740&quot;:259}\">\u00a0<\/span><\/p>\n<p><span data-contrast=\"auto\">Der Muskauer Park ist ein Ort voller Geschichte und Geheimnisse. Auf seinen malerischen Wegen k\u00f6nnen Sie harmonisches Zusammenspiel von Natur und Architektur bewundern.<\/span><span data-ccp-props=\"{&quot;201341983&quot;:0,&quot;335559739&quot;:160,&quot;335559740&quot;:259}\">\u00a0<\/span><\/p>\n<p><span data-contrast=\"auto\">Programm:<\/span><span data-ccp-props=\"{&quot;201341983&quot;:0,&quot;335559739&quot;:160,&quot;335559740&quot;:259}\">\u00a0<\/span><\/p>\n<p><span data-contrast=\"auto\">T\u00e4glich, Treffpunkt: Infopunkt, Hutnicza Str. 19.\u00a0<\/span><span data-ccp-props=\"{&quot;201341983&quot;:0,&quot;335559739&quot;:160,&quot;335559740&quot;:259}\">\u00a0<\/span><\/p>\n<p><span data-contrast=\"auto\">10:00 Uhr &#8211; Muskauer Park mit dem Fahrrad -\u202fPL und DE<\/span><span data-ccp-props=\"{&quot;201341983&quot;:0,&quot;335559739&quot;:160,&quot;335559740&quot;:259}\">\u00a0<\/span><\/p>\n<p><span data-contrast=\"auto\">Der Muskauer Park ist mit einer Gesamtfl\u00e4che von \u00fcber 700 ha beiderseits der Lausitzer Nei\u00dfe eines der gr\u00f6\u00dften Parks in Europa. Gegr\u00fcndet im 19. Jahrhundert, verbirgt er viele magische und geheimnisvolle Orte, die oft weit voneinander entfernt sind. Ideal f\u00fcr die Erkundung ist daher das Fahrrad, mit dem man auch die entlegensten Winkel des Parks erreichen kann. Jeden Tag wird unsere Route anders verlaufen und unter anderen das Neue Schloss, die Odins- und Thoreiche, die Baumschulen, den Bergpark, die Englische Br\u00fccke oder die Kastanienallee einschlie\u00dfen.<\/span><span data-ccp-props=\"{&quot;201341983&quot;:0,&quot;335559739&quot;:160,&quot;335559740&quot;:259}\">\u00a0<\/span><\/p>\n<p><span data-contrast=\"auto\">Tourdauer: ca. 3 Stunden; Fahrr\u00e4der sind selbst mitzubringen; ein Fahrradverleih ist u.a. im St\u00e4dtischen Kulturzentrum zu finden; Anzahl der Teilnehmer ist begrenzt, es gilt die Reihenfolge der Anmeldung, melden Sie Ihre Teilnahme heute noch an: E-Mail: <\/span><a href=\"mailto:leknica@nid.pl\"><span data-contrast=\"none\">leknica@nid.pl<\/span><\/a><span data-contrast=\"auto\">\u202f<\/span><span data-ccp-props=\"{&quot;201341983&quot;:0,&quot;335559739&quot;:160,&quot;335559740&quot;:259}\">\u00a0<\/span><\/p>\n<p><span data-contrast=\"auto\">10:00 und 13:00 Uhr &#8211; Den Muskauer Park entdecken \u2013 gef\u00fchrte Wanderungen (F\u00fchrungen auf Polnisch um 10:00 und 13:00 Uhr; Deutsch und Englisch um 13:00 Uhr)<\/span><span data-ccp-props=\"{&quot;201341983&quot;:0,&quot;335559739&quot;:160,&quot;335559740&quot;:259}\">\u00a0<\/span><\/p>\n<p><span data-contrast=\"auto\">Bei einer Wanderung mit unseren G\u00e4stef\u00fchrern haben Sie Zeit, sich in Ruhe umzuschauen und die sch\u00f6nen Landschaften zu genie\u00dfen. Bereits im 19. Jahrhundert formulierte F\u00fcrst Hermann von P\u00fcckler-Muskau das Konzept, dass der Park wie eine Gem\u00e4ldegalerie sei. \u201eEin Schritt nur seitw\u00e4rts in den Wald getan, und verschwunden, wie durch einen Zauberschlag, sind Schloss und G\u00e4rten, um der ungest\u00f6rtesten Einsamkeit und der Wildnis einer erhabenen Natur wieder Platz zu machen, bis sp\u00e4ter vielleicht eine Biegung des Weges unerwartet eine Aussicht \u00f6ffnet, wo in weiter Ferne das Werk der Kunst aus den d\u00fcstern Tannen von neuem hervorblitzt\u201c. Die Wanderung bietet nicht nur die Gelegenheit, mehr \u00fcber die Geschichte des Parks zu erfahren, sondern auch die au\u00dfergew\u00f6hnlichen Pers\u00f6nlichkeiten kennenzulernen, die ihn gepr\u00e4gt haben. Es wird auch eine einzigartige Begegnung mit der Natur sein<\/span><span data-ccp-props=\"{&quot;201341983&quot;:0,&quot;335559739&quot;:160,&quot;335559740&quot;:259}\">\u00a0<\/span><\/p>\n<p><span data-contrast=\"auto\">Tourdauer ca. 3 Stunden<\/span><span data-ccp-props=\"{&quot;201341983&quot;:0,&quot;335559739&quot;:160,&quot;335559740&quot;:259}\">\u00a0<\/span><\/p>\n<p><span data-contrast=\"auto\">Die Teilnahme an allen Veranstaltungen ist kostenlos.\u202f\u202f<\/span><span data-ccp-props=\"{&quot;201341983&quot;:0,&quot;335559739&quot;:160,&quot;335559740&quot;:259}\">\u00a0<\/span><\/p>\n<p><span data-contrast=\"auto\">Das ist noch nicht alles! Weitere Informationen zu den Veranstaltungen im August folgen in K\u00fcrze.<\/span><span data-ccp-props=\"{&quot;201341983&quot;:0,&quot;335559739&quot;:160,&quot;335559740&quot;:259}\">\u00a0<\/span><\/p>\n<p><span class=\"TextRun SCXW66777058 BCX8\" lang=\"PL-PL\" xml:lang=\"PL-PL\" data-contrast=\"auto\"><span class=\"NormalTextRun SpellingErrorV2Themed SCXW66777058 BCX8\">Die<\/span> <span class=\"NormalTextRun SpellingErrorV2Themed SCXW66777058 BCX8\">Veranstaltung<\/span> <span class=\"NormalTextRun SpellingErrorV2Themed SCXW66777058 BCX8\">wird<\/span> <span class=\"NormalTextRun SpellingErrorV2Themed SCXW66777058 BCX8\">vom<\/span> <span class=\"NormalTextRun CommentStart SpellingErrorV2Themed CommentHighlightPipeRestV2 CommentHighlightRest SCXW66777058 BCX8\">Nationalen<\/span> <span class=\"NormalTextRun SpellingErrorV2Themed CommentHighlightRest SCXW66777058 BCX8\">Institut<\/span> <span class=\"NormalTextRun SpellingErrorV2Themed CommentHighlightRest SCXW66777058 BCX8\">f\u00fcr<\/span> <span class=\"NormalTextRun SpellingErrorV2Themed CommentHighlightRest SCXW66777058 BCX8\">kulturelles<\/span> <span class=\"NormalTextRun SpellingErrorV2Themed CommentHighlightRest SCXW66777058 BCX8\">Erbe<\/span> <span class=\"NormalTextRun SpellingErrorV2Themed SCXW66777058 BCX8\">und<\/span><span class=\"NormalTextRun SCXW66777058 BCX8\"> der <\/span><span class=\"NormalTextRun SpellingErrorV2Themed SCXW66777058 BCX8\">Stiftung<\/span><span class=\"NormalTextRun SCXW66777058 BCX8\"> &#8222;<\/span><span class=\"NormalTextRun SpellingErrorV2Themed SCXW66777058 BCX8\">F\u00fcrst<\/span> <span class=\"NormalTextRun SpellingErrorV2Themed SCXW66777058 BCX8\">P\u00fcckler<\/span><span class=\"NormalTextRun SCXW66777058 BCX8\"> Park Bad <\/span><span class=\"NormalTextRun SpellingErrorV2Themed SCXW66777058 BCX8\">Muskau<\/span><span class=\"NormalTextRun SCXW66777058 BCX8\">&#8220; <\/span><span class=\"NormalTextRun SpellingErrorV2Themed SCXW66777058 BCX8\">organisiert<\/span><span class=\"NormalTextRun SCXW66777058 BCX8\">.<\/span><\/span><span class=\"EOP SCXW66777058 BCX8\" data-ccp-props=\"{&quot;201341983&quot;:0,&quot;335559740&quot;:259}\">\u00a0<\/span><\/p>\n<p><span data-contrast=\"auto\">Veranstaltungen im Rahmen des Projekts \u201eMuskauer Park &#8211; Steigerung der touristischen Attraktivit\u00e4t und Barrierefreiheit des UNESCO-Welterbes\u201c finanziert durch das INTERREG-Kooperationsprogramm Sachsen-Polen 2021-2027\u00a0<\/span><span data-ccp-props=\"{&quot;201341983&quot;:0,&quot;335559739&quot;:160,&quot;335559740&quot;:259}\">\u00a0<\/span><\/p>\n<p><img loading=\"lazy\" decoding=\"async\" class=\"alignnone wp-image-3527 size-large\" src=\"https:\/\/parkmuzakowski.nid.pl\/de\/wp-content\/uploads\/2024\/10\/belka-DE-1024x132.png\" alt=\"\" width=\"1024\" height=\"132\" srcset=\"https:\/\/parkmuzakowski.nid.pl\/de\/wp-content\/uploads\/2024\/10\/belka-DE-980x126.png 980w, https:\/\/parkmuzakowski.nid.pl\/de\/wp-content\/uploads\/2024\/10\/belka-DE-480x62.png 480w\" sizes=\"(min-width: 0px) and (max-width: 480px) 480px, (min-width: 481px) and (max-width: 980px) 980px, (min-width: 981px) 1024px, 100vw\" \/><\/p>\n","protected":false},"excerpt":{"rendered":"<p>Wir haben f\u00fcr Sie Angebote f\u00fcr unvergessliche Ferientage vorbereitet! Im Juli und August werden spezielle F\u00fchrungen und Radtouren im Muskauer Park angeboten. Mit Hilfe der G\u00e4stef\u00fchrer werden Sie faszinierende Geschichten \u00fcber den Park selbst und die Menschen, die mit ihm verbunden sind, entdecken, darunter Hermann von P\u00fcckler-Muskau und seine Vision einer idealen kleinen Welt. Jeder [&hellip;]<\/p>\n","protected":false},"author":14,"featured_media":3495,"comment_status":"open","ping_status":"open","sticky":false,"template":"","format":"standard","meta":{"_acf_changed":false,"_et_pb_use_builder":"","_et_pb_old_content":"","_et_gb_content_width":"","footnotes":""},"categories":[53],"tags":[],"class_list":["post-3493","post","type-post","status-publish","format-standard","has-post-thumbnail","hentry","category-aktuelles"],"acf":[],"_links":{"self":[{"href":"https:\/\/parkmuzakowski.nid.pl\/de\/wp-json\/wp\/v2\/posts\/3493","targetHints":{"allow":["GET"]}}],"collection":[{"href":"https:\/\/parkmuzakowski.nid.pl\/de\/wp-json\/wp\/v2\/posts"}],"about":[{"href":"https:\/\/parkmuzakowski.nid.pl\/de\/wp-json\/wp\/v2\/types\/post"}],"author":[{"embeddable":true,"href":"https:\/\/parkmuzakowski.nid.pl\/de\/wp-json\/wp\/v2\/users\/14"}],"replies":[{"embeddable":true,"href":"https:\/\/parkmuzakowski.nid.pl\/de\/wp-json\/wp\/v2\/comments?post=3493"}],"version-history":[{"count":3,"href":"https:\/\/parkmuzakowski.nid.pl\/de\/wp-json\/wp\/v2\/posts\/3493\/revisions"}],"predecessor-version":[{"id":3533,"href":"https:\/\/parkmuzakowski.nid.pl\/de\/wp-json\/wp\/v2\/posts\/3493\/revisions\/3533"}],"wp:featuredmedia":[{"embeddable":true,"href":"https:\/\/parkmuzakowski.nid.pl\/de\/wp-json\/wp\/v2\/media\/3495"}],"wp:attachment":[{"href":"https:\/\/parkmuzakowski.nid.pl\/de\/wp-json\/wp\/v2\/media?parent=3493"}],"wp:term":[{"taxonomy":"category","embeddable":true,"href":"https:\/\/parkmuzakowski.nid.pl\/de\/wp-json\/wp\/v2\/categories?post=3493"},{"taxonomy":"post_tag","embeddable":true,"href":"https:\/\/parkmuzakowski.nid.pl\/de\/wp-json\/wp\/v2\/tags?post=3493"}],"curies":[{"name":"wp","href":"https:\/\/api.w.org\/{rel}","templated":true}]}}