{"id":3139,"date":"2024-05-21T11:30:39","date_gmt":"2024-05-21T09:30:39","guid":{"rendered":"https:\/\/parkmuzakowski.nid.pl\/de\/?p=3139"},"modified":"2024-12-16T16:03:53","modified_gmt":"2024-12-16T15:03:53","slug":"pfingsten-im-muskauer-park","status":"publish","type":"post","link":"https:\/\/parkmuzakowski.nid.pl\/de\/pfingsten-im-muskauer-park\/","title":{"rendered":"Wie haben wir Pfingsten im Muskauer Park gefeiert?"},"content":{"rendered":"<p><strong>Vom 18. bis 20. Mai fand im Muskauer Park das Pfingstfest statt, bei dem die Besucher an Fahrradtouren, F\u00fchrungen, einem Jazzkonzert und einem Lagerfeuer teilnehmen konnten. Es war die zweite Veranstaltung im Rahmen des Projekts &#8222;Muskauer Park &#8211; Steigerung der touristischen Attraktivit\u00e4t und Barrierefreiheit des UNESCO-Weltkulturerbes&#8220;, das durch das INTERREG-Kooperationsprogramm 2021-2027 gef\u00f6rdert wird.\u00a0<\/strong><\/p>\n<p><span data-contrast=\"auto\">Im Rahmen der Veranstaltung &#8222;Pfingsten im Muskauer Park&#8220; fanden t\u00e4glich gef\u00fchrte Wanderungen unter dem Motto &#8222;Entdecke den Muskauer Park&#8220; statt. Die Teilnehmer erfuhren nicht nur etwas \u00fcber die Geschichte des Parks, sondern auch \u00fcber die Pers\u00f6nlichkeiten, die ihn gepr\u00e4gt haben. Auch f\u00fcr die ausl\u00e4ndischen Besucher wurden F\u00fchrungen angeboten &#8211; in deutscher und englischer Sprache.<\/span><span data-ccp-props=\"{}\">\u00a0<\/span><\/p>\n<p><span data-contrast=\"auto\">F\u00fcr diejenigen, die sich f\u00fcr eine Radtour entschieden hatten, hatten wir eine kleine \u00dcberraschung vorbereitet. Jeden Tag war die Route anders, und am Sonntag f\u00fchrten unsere G\u00e4stef\u00fchrer die Besucher vom Muskauer Park zum Rhododendronpark in Kromlau, wo das &#8222;Bl\u00fctenfest&#8220; stattfand.<\/span><span data-ccp-props=\"{}\">\u00a0<\/span><\/p>\n<p><span data-ccp-props=\"{}\">\u00a0<\/span><span data-contrast=\"auto\">Am Abend des 18. Mai wurde ein Lagerfeuer entz\u00fcndet, an dem wir zusammensitzen und uns entspannen konnten, bevor ein Jazzkonzert der Dubai Dixie Band den ersten Tag perfekt abrundete.<\/span><span data-ccp-props=\"{}\">\u00a0<\/span><\/p>\n<p><span data-contrast=\"auto\">Um \u00fcber Veranstaltungen auf dem Laufenden zu bleiben, laden wir Sie ein, uns auf Facebook und Instagram zu folgen.<\/span><span data-ccp-props=\"{}\">\u00a0<\/span><\/p>\n<p><span class=\"TextRun SCXW66777058 BCX8\" lang=\"PL-PL\" xml:lang=\"PL-PL\" data-contrast=\"auto\"><span class=\"NormalTextRun SpellingErrorV2Themed SCXW66777058 BCX8\">Die<\/span> <span class=\"NormalTextRun SpellingErrorV2Themed SCXW66777058 BCX8\">Veranstaltung<\/span> <span class=\"NormalTextRun SpellingErrorV2Themed SCXW66777058 BCX8\">wird<\/span> <span class=\"NormalTextRun SpellingErrorV2Themed SCXW66777058 BCX8\">vom<\/span> <span class=\"NormalTextRun CommentStart SpellingErrorV2Themed CommentHighlightPipeRestV2 CommentHighlightRest SCXW66777058 BCX8\">Nationalen<\/span> <span class=\"NormalTextRun SpellingErrorV2Themed CommentHighlightRest SCXW66777058 BCX8\">Institut<\/span> <span class=\"NormalTextRun SpellingErrorV2Themed CommentHighlightRest SCXW66777058 BCX8\">f\u00fcr<\/span> <span class=\"NormalTextRun SpellingErrorV2Themed CommentHighlightRest SCXW66777058 BCX8\">kulturelles<\/span> <span class=\"NormalTextRun SpellingErrorV2Themed CommentHighlightRest SCXW66777058 BCX8\">Erbe<\/span> <span class=\"NormalTextRun SpellingErrorV2Themed SCXW66777058 BCX8\">und<\/span><span class=\"NormalTextRun SCXW66777058 BCX8\"> der <\/span><span class=\"NormalTextRun SpellingErrorV2Themed SCXW66777058 BCX8\">Stiftung<\/span><span class=\"NormalTextRun SCXW66777058 BCX8\"> &#8222;<\/span><span class=\"NormalTextRun SpellingErrorV2Themed SCXW66777058 BCX8\">F\u00fcrst<\/span> <span class=\"NormalTextRun SpellingErrorV2Themed SCXW66777058 BCX8\">P\u00fcckler<\/span><span class=\"NormalTextRun SCXW66777058 BCX8\"> Park Bad <\/span><span class=\"NormalTextRun SpellingErrorV2Themed SCXW66777058 BCX8\">Muskau<\/span><span class=\"NormalTextRun SCXW66777058 BCX8\">&#8220; <\/span><span class=\"NormalTextRun SpellingErrorV2Themed SCXW66777058 BCX8\">organisiert<\/span><span class=\"NormalTextRun SCXW66777058 BCX8\">.<\/span><\/span><span class=\"EOP SCXW66777058 BCX8\" data-ccp-props=\"{&quot;201341983&quot;:0,&quot;335559740&quot;:259}\">\u00a0<\/span><\/p>\n<p><span data-ccp-props=\"{}\">\u00a0<\/span><span data-contrast=\"auto\">Das Projekt wird durch das INTERREG-Kooperationsprogramm 2021-2027 und das Ministerium f\u00fcr Kultur und Nationales Erbe finanziert.<\/span><span data-ccp-props=\"{}\">\u00a0<\/span><\/p>\n<p><img loading=\"lazy\" decoding=\"async\" class=\"alignnone wp-image-3527 size-large\" src=\"https:\/\/parkmuzakowski.nid.pl\/de\/wp-content\/uploads\/2024\/10\/belka-DE-1024x132.png\" alt=\"\" width=\"1024\" height=\"132\" srcset=\"https:\/\/parkmuzakowski.nid.pl\/de\/wp-content\/uploads\/2024\/10\/belka-DE-980x126.png 980w, https:\/\/parkmuzakowski.nid.pl\/de\/wp-content\/uploads\/2024\/10\/belka-DE-480x62.png 480w\" sizes=\"(min-width: 0px) and (max-width: 480px) 480px, (min-width: 481px) and (max-width: 980px) 980px, (min-width: 981px) 1024px, 100vw\" \/><\/p>\n<p><span data-ccp-props=\"{}\">\u00a0<\/span><\/p>\n","protected":false},"excerpt":{"rendered":"<p>Vom 18. bis 20. Mai fand im Muskauer Park das Pfingstfest statt, bei dem die Besucher an Fahrradtouren, F\u00fchrungen, einem Jazzkonzert und einem Lagerfeuer teilnehmen konnten. Es war die zweite Veranstaltung im Rahmen des Projekts &#8222;Muskauer Park &#8211; Steigerung der touristischen Attraktivit\u00e4t und Barrierefreiheit des UNESCO-Weltkulturerbes&#8220;, das durch das INTERREG-Kooperationsprogramm 2021-2027 gef\u00f6rdert wird.\u00a0 Im Rahmen [&hellip;]<\/p>\n","protected":false},"author":14,"featured_media":3140,"comment_status":"open","ping_status":"open","sticky":false,"template":"","format":"standard","meta":{"_acf_changed":false,"_et_pb_use_builder":"","_et_pb_old_content":"","_et_gb_content_width":"","footnotes":""},"categories":[53],"tags":[],"class_list":["post-3139","post","type-post","status-publish","format-standard","has-post-thumbnail","hentry","category-aktuelles"],"acf":[],"_links":{"self":[{"href":"https:\/\/parkmuzakowski.nid.pl\/de\/wp-json\/wp\/v2\/posts\/3139","targetHints":{"allow":["GET"]}}],"collection":[{"href":"https:\/\/parkmuzakowski.nid.pl\/de\/wp-json\/wp\/v2\/posts"}],"about":[{"href":"https:\/\/parkmuzakowski.nid.pl\/de\/wp-json\/wp\/v2\/types\/post"}],"author":[{"embeddable":true,"href":"https:\/\/parkmuzakowski.nid.pl\/de\/wp-json\/wp\/v2\/users\/14"}],"replies":[{"embeddable":true,"href":"https:\/\/parkmuzakowski.nid.pl\/de\/wp-json\/wp\/v2\/comments?post=3139"}],"version-history":[{"count":3,"href":"https:\/\/parkmuzakowski.nid.pl\/de\/wp-json\/wp\/v2\/posts\/3139\/revisions"}],"predecessor-version":[{"id":3537,"href":"https:\/\/parkmuzakowski.nid.pl\/de\/wp-json\/wp\/v2\/posts\/3139\/revisions\/3537"}],"wp:featuredmedia":[{"embeddable":true,"href":"https:\/\/parkmuzakowski.nid.pl\/de\/wp-json\/wp\/v2\/media\/3140"}],"wp:attachment":[{"href":"https:\/\/parkmuzakowski.nid.pl\/de\/wp-json\/wp\/v2\/media?parent=3139"}],"wp:term":[{"taxonomy":"category","embeddable":true,"href":"https:\/\/parkmuzakowski.nid.pl\/de\/wp-json\/wp\/v2\/categories?post=3139"},{"taxonomy":"post_tag","embeddable":true,"href":"https:\/\/parkmuzakowski.nid.pl\/de\/wp-json\/wp\/v2\/tags?post=3139"}],"curies":[{"name":"wp","href":"https:\/\/api.w.org\/{rel}","templated":true}]}}