{"id":3135,"date":"2024-05-10T11:26:50","date_gmt":"2024-05-10T09:26:50","guid":{"rendered":"https:\/\/parkmuzakowski.nid.pl\/de\/?p=3135"},"modified":"2024-12-16T16:04:14","modified_gmt":"2024-12-16T15:04:14","slug":"pfingsten-im-muskauer-park-ankuendigung","status":"publish","type":"post","link":"https:\/\/parkmuzakowski.nid.pl\/de\/pfingsten-im-muskauer-park-ankuendigung\/","title":{"rendered":"Pfingsten im Muskauer Park \u2013 Ank\u00fcndigung"},"content":{"rendered":"<p><strong><span class=\"TextRun SCXW161747180 BCX8\" lang=\"DE-DE\" xml:lang=\"DE-DE\" data-contrast=\"auto\"><span class=\"NormalTextRun SCXW161747180 BCX8\">Vom 18. bis 20. Mai feiern wir das Pfingstfest im Muskauer Park. Aus diesem Anlass haben wir verschiedene Aktivit\u00e4ten f\u00fcr unsere Besucher vorbereitet, darunter gef\u00fchrte Wanderungen und Radtouren, ein Jazzkonzert und ein Lagerfeuer.<\/span><\/span><span class=\"EOP SCXW161747180 BCX8\" data-ccp-props=\"{}\">\u00a0<\/span><\/strong><\/p>\n<p><b><span data-contrast=\"auto\">Programm:\u00a0<\/span><\/b><span data-ccp-props=\"{}\">\u00a0<\/span><\/p>\n<p><span data-contrast=\"auto\">t\u00e4glich vom 18. bis 20. Mai; Treffpunkt: Informationspunkt, Hutnicza Str. 19.<\/span><span data-ccp-props=\"{}\">\u00a0<\/span><\/p>\n<ul>\n<li data-leveltext=\"\uf0b7\" data-font=\"Symbol\" data-listid=\"2\" data-list-defn-props=\"{&quot;335552541&quot;:1,&quot;335559685&quot;:720,&quot;335559991&quot;:360,&quot;469769226&quot;:&quot;Symbol&quot;,&quot;469769242&quot;:[8226],&quot;469777803&quot;:&quot;left&quot;,&quot;469777804&quot;:&quot;\uf0b7&quot;,&quot;469777815&quot;:&quot;hybridMultilevel&quot;}\" aria-setsize=\"-1\" data-aria-posinset=\"1\" data-aria-level=\"1\"><b><span data-contrast=\"auto\">10:00 und 13:00 Uhr \u201eDen Muskauer Park kennenlernen\u201c \u2013 gef\u00fchrte Wanderungen<\/span><\/b><span data-ccp-props=\"{}\">\u00a0<\/span><\/li>\n<\/ul>\n<p><span data-contrast=\"auto\">Tourdauer: ca. 3 Stunden.<\/span><span data-ccp-props=\"{&quot;335559685&quot;:720}\">\u00a0<\/span><\/p>\n<ul>\n<li data-leveltext=\"\uf0b7\" data-font=\"Symbol\" data-listid=\"2\" data-list-defn-props=\"{&quot;335552541&quot;:1,&quot;335559685&quot;:720,&quot;335559991&quot;:360,&quot;469769226&quot;:&quot;Symbol&quot;,&quot;469769242&quot;:[8226],&quot;469777803&quot;:&quot;left&quot;,&quot;469777804&quot;:&quot;\uf0b7&quot;,&quot;469777815&quot;:&quot;hybridMultilevel&quot;}\" aria-setsize=\"-1\" data-aria-posinset=\"2\" data-aria-level=\"1\"><b><span data-contrast=\"auto\">11:00 Muskauer Park mit dem Fahrrad<\/span><\/b><span data-contrast=\"auto\">\u202f &#8211; gef\u00fchrte Radtouren, Dauer: ca. 3 Stunden; Fahrr\u00e4der sind selbst mitzubringen; ein Fahrradverleih ist u.a. im St\u00e4dtischen Kulturzentrum zu finden.<\/span><span data-ccp-props=\"{}\">\u00a0<\/span><\/li>\n<\/ul>\n<p><span data-contrast=\"auto\">Aufgrund der gro\u00dfen Nachfrage ist f\u00fcr Radtouren eine Anmeldung per E-Mail erforderlich: leknica@nid.pl\u00a0\u00a0<\/span><span data-ccp-props=\"{&quot;335559685&quot;:720}\">\u00a0<\/span><\/p>\n<ul>\n<li data-leveltext=\"\uf0b7\" data-font=\"Symbol\" data-listid=\"2\" data-list-defn-props=\"{&quot;335552541&quot;:1,&quot;335559685&quot;:720,&quot;335559991&quot;:360,&quot;469769226&quot;:&quot;Symbol&quot;,&quot;469769242&quot;:[8226],&quot;469777803&quot;:&quot;left&quot;,&quot;469777804&quot;:&quot;\uf0b7&quot;,&quot;469777815&quot;:&quot;hybridMultilevel&quot;}\" aria-setsize=\"-1\" data-aria-posinset=\"3\" data-aria-level=\"1\"><b><span data-contrast=\"auto\">11:00 \u201eDen Muskauer Park entdecken &#8211; F\u00fchrungen durch das Welterbe\u201d<\/span><\/b><span data-contrast=\"auto\">\u202f<\/span><span data-ccp-props=\"{&quot;134233117&quot;:false,&quot;134233118&quot;:false,&quot;201341983&quot;:0,&quot;335559738&quot;:0,&quot;335559739&quot;:0,&quot;335559740&quot;:240}\">\u00a0<\/span><\/li>\n<\/ul>\n<p><span data-contrast=\"auto\">Melden Sie Ihre Teilnahme noch heute an: E-Mail: <\/span><a href=\"mailto:leknica@nid.pl\"><span data-contrast=\"none\">leknica@nid.pl<\/span><\/a><span data-contrast=\"auto\">\u202f<\/span><\/p>\n<ul>\n<li data-leveltext=\"\uf0b7\" data-font=\"Symbol\" data-listid=\"4\" data-list-defn-props=\"{&quot;335552541&quot;:1,&quot;335559685&quot;:720,&quot;335559991&quot;:360,&quot;469769226&quot;:&quot;Symbol&quot;,&quot;469769242&quot;:[8226],&quot;469777803&quot;:&quot;left&quot;,&quot;469777804&quot;:&quot;\uf0b7&quot;,&quot;469777815&quot;:&quot;hybridMultilevel&quot;}\" aria-setsize=\"-1\" data-aria-posinset=\"1\" data-aria-level=\"1\"><b><span data-contrast=\"auto\">18. Mai, Muskauer Park Informationspunkt, Hutnicza Stra\u00dfe 19.\u00a0<\/span><\/b><span data-ccp-props=\"{}\">\u00a0<\/span><\/li>\n<\/ul>\n<ul>\n<li data-leveltext=\"\uf0b7\" data-font=\"Symbol\" data-listid=\"4\" data-list-defn-props=\"{&quot;335552541&quot;:1,&quot;335559685&quot;:720,&quot;335559991&quot;:360,&quot;469769226&quot;:&quot;Symbol&quot;,&quot;469769242&quot;:[8226],&quot;469777803&quot;:&quot;left&quot;,&quot;469777804&quot;:&quot;\uf0b7&quot;,&quot;469777815&quot;:&quot;hybridMultilevel&quot;}\" aria-setsize=\"-1\" data-aria-posinset=\"2\" data-aria-level=\"1\"><span data-contrast=\"auto\">13:00 Uhr \u2013 \u201e<\/span><b><span data-contrast=\"auto\">Den Muskauer Park entdecken\u201c \u2013 <\/span><\/b><span data-contrast=\"auto\">Tourdauer ca. 3 Stunden<\/span><span data-ccp-props=\"{&quot;335551550&quot;:6,&quot;335551620&quot;:6}\">\u00a0<\/span><\/li>\n<\/ul>\n<ul>\n<li data-leveltext=\"\uf0b7\" data-font=\"Symbol\" data-listid=\"4\" data-list-defn-props=\"{&quot;335552541&quot;:1,&quot;335559685&quot;:720,&quot;335559991&quot;:360,&quot;469769226&quot;:&quot;Symbol&quot;,&quot;469769242&quot;:[8226],&quot;469777803&quot;:&quot;left&quot;,&quot;469777804&quot;:&quot;\uf0b7&quot;,&quot;469777815&quot;:&quot;hybridMultilevel&quot;}\" aria-setsize=\"-1\" data-aria-posinset=\"3\" data-aria-level=\"1\"><b><span data-contrast=\"auto\">18:00<\/span><\/b><span data-contrast=\"auto\"> Lagerfeuer &#8211; Kaffee und Tee werden bereitgestellt; f\u00fcr Verpflegung ist selbst zu sorgen<\/span><span data-ccp-props=\"{}\">\u00a0<\/span><\/li>\n<\/ul>\n<ul>\n<li data-leveltext=\"\uf0b7\" data-font=\"Symbol\" data-listid=\"4\" data-list-defn-props=\"{&quot;335552541&quot;:1,&quot;335559685&quot;:720,&quot;335559991&quot;:360,&quot;469769226&quot;:&quot;Symbol&quot;,&quot;469769242&quot;:[8226],&quot;469777803&quot;:&quot;left&quot;,&quot;469777804&quot;:&quot;\uf0b7&quot;,&quot;469777815&quot;:&quot;hybridMultilevel&quot;}\" aria-setsize=\"-1\" data-aria-posinset=\"4\" data-aria-level=\"1\"><span data-contrast=\"auto\">Jazzkonzert der <\/span><i><span data-contrast=\"auto\">DUBAI DIXIE BAND<\/span><\/i><span data-contrast=\"auto\">, Tadeusz Baird &#8211; Philharmonie Zielona G\u00f3ra (Bequeme Schuhe sind ein Muss!<\/span><\/li>\n<\/ul>\n<p><b><span data-contrast=\"auto\">\u00a0<\/span><\/b><span data-contrast=\"auto\">Die Teilnahme an allen Veranstaltungen ist kostenlos.<\/span><span data-ccp-props=\"{}\">\u00a0<\/span><\/p>\n<p><span data-ccp-props=\"{}\">\u00a0<\/span><span data-contrast=\"auto\">Um \u00fcber Veranstaltungen auf dem Laufenden zu bleiben, laden wir Sie ein, uns auf <a href=\"https:\/\/www.facebook.com\/parkmuzakowski.nid\">Facebook<\/a> und <a href=\"https:\/\/www.instagram.com\/park_muzakowski\/\">Instagram<\/a> zu folgen.<\/span><span data-ccp-props=\"{}\">\u00a0<\/span><\/p>\n<p><span class=\"TextRun SCXW66777058 BCX8\" lang=\"PL-PL\" xml:lang=\"PL-PL\" data-contrast=\"auto\"><span class=\"NormalTextRun SpellingErrorV2Themed SCXW66777058 BCX8\">Die<\/span> <span class=\"NormalTextRun SpellingErrorV2Themed SCXW66777058 BCX8\">Veranstaltung<\/span> <span class=\"NormalTextRun SpellingErrorV2Themed SCXW66777058 BCX8\">wird<\/span> <span class=\"NormalTextRun SpellingErrorV2Themed SCXW66777058 BCX8\">vom<\/span> <span class=\"NormalTextRun CommentStart SpellingErrorV2Themed CommentHighlightPipeRestV2 CommentHighlightRest SCXW66777058 BCX8\">Nationalen<\/span> <span class=\"NormalTextRun SpellingErrorV2Themed CommentHighlightRest SCXW66777058 BCX8\">Institut<\/span> <span class=\"NormalTextRun SpellingErrorV2Themed CommentHighlightRest SCXW66777058 BCX8\">f\u00fcr<\/span> <span class=\"NormalTextRun SpellingErrorV2Themed CommentHighlightRest SCXW66777058 BCX8\">kulturelles<\/span> <span class=\"NormalTextRun SpellingErrorV2Themed CommentHighlightRest SCXW66777058 BCX8\">Erbe<\/span> <span class=\"NormalTextRun SpellingErrorV2Themed SCXW66777058 BCX8\">und<\/span><span class=\"NormalTextRun SCXW66777058 BCX8\"> der <\/span><span class=\"NormalTextRun SpellingErrorV2Themed SCXW66777058 BCX8\">Stiftung<\/span><span class=\"NormalTextRun SCXW66777058 BCX8\"> &#8222;<\/span><span class=\"NormalTextRun SpellingErrorV2Themed SCXW66777058 BCX8\">F\u00fcrst<\/span> <span class=\"NormalTextRun SpellingErrorV2Themed SCXW66777058 BCX8\">P\u00fcckler<\/span><span class=\"NormalTextRun SCXW66777058 BCX8\"> Park Bad <\/span><span class=\"NormalTextRun SpellingErrorV2Themed SCXW66777058 BCX8\">Muskau<\/span><span class=\"NormalTextRun SCXW66777058 BCX8\">&#8220; <\/span><span class=\"NormalTextRun SpellingErrorV2Themed SCXW66777058 BCX8\">organisiert<\/span><span class=\"NormalTextRun SCXW66777058 BCX8\">.<\/span><\/span><span class=\"EOP SCXW66777058 BCX8\" data-ccp-props=\"{&quot;201341983&quot;:0,&quot;335559740&quot;:259}\">\u00a0<\/span><\/p>\n<p><span data-ccp-props=\"{}\">\u00a0<\/span><span data-contrast=\"auto\">Projekt finanziert durch das INTERREG-Kooperationsprogramm 2021-2027 und das Ministerium f\u00fcr Kultur und Nationales Erbe\u00a0\u00a0<\/span><\/p>\n<p><img loading=\"lazy\" decoding=\"async\" class=\"alignnone wp-image-3527 size-large\" src=\"https:\/\/parkmuzakowski.nid.pl\/de\/wp-content\/uploads\/2024\/10\/belka-DE-1024x132.png\" alt=\"\" width=\"1024\" height=\"132\" srcset=\"https:\/\/parkmuzakowski.nid.pl\/de\/wp-content\/uploads\/2024\/10\/belka-DE-980x126.png 980w, https:\/\/parkmuzakowski.nid.pl\/de\/wp-content\/uploads\/2024\/10\/belka-DE-480x62.png 480w\" sizes=\"(min-width: 0px) and (max-width: 480px) 480px, (min-width: 481px) and (max-width: 980px) 980px, (min-width: 981px) 1024px, 100vw\" \/><\/p>\n","protected":false},"excerpt":{"rendered":"<p>Vom 18. bis 20. Mai feiern wir das Pfingstfest im Muskauer Park. Aus diesem Anlass haben wir verschiedene Aktivit\u00e4ten f\u00fcr unsere Besucher vorbereitet, darunter gef\u00fchrte Wanderungen und Radtouren, ein Jazzkonzert und ein Lagerfeuer.\u00a0 Programm:\u00a0\u00a0 t\u00e4glich vom 18. bis 20. Mai; Treffpunkt: Informationspunkt, Hutnicza Str. 19.\u00a0 10:00 und 13:00 Uhr \u201eDen Muskauer Park kennenlernen\u201c \u2013 gef\u00fchrte [&hellip;]<\/p>\n","protected":false},"author":14,"featured_media":3136,"comment_status":"open","ping_status":"open","sticky":false,"template":"","format":"standard","meta":{"_acf_changed":false,"_et_pb_use_builder":"","_et_pb_old_content":"","_et_gb_content_width":"","footnotes":""},"categories":[53],"tags":[],"class_list":["post-3135","post","type-post","status-publish","format-standard","has-post-thumbnail","hentry","category-aktuelles"],"acf":[],"_links":{"self":[{"href":"https:\/\/parkmuzakowski.nid.pl\/de\/wp-json\/wp\/v2\/posts\/3135","targetHints":{"allow":["GET"]}}],"collection":[{"href":"https:\/\/parkmuzakowski.nid.pl\/de\/wp-json\/wp\/v2\/posts"}],"about":[{"href":"https:\/\/parkmuzakowski.nid.pl\/de\/wp-json\/wp\/v2\/types\/post"}],"author":[{"embeddable":true,"href":"https:\/\/parkmuzakowski.nid.pl\/de\/wp-json\/wp\/v2\/users\/14"}],"replies":[{"embeddable":true,"href":"https:\/\/parkmuzakowski.nid.pl\/de\/wp-json\/wp\/v2\/comments?post=3135"}],"version-history":[{"count":3,"href":"https:\/\/parkmuzakowski.nid.pl\/de\/wp-json\/wp\/v2\/posts\/3135\/revisions"}],"predecessor-version":[{"id":3539,"href":"https:\/\/parkmuzakowski.nid.pl\/de\/wp-json\/wp\/v2\/posts\/3135\/revisions\/3539"}],"wp:featuredmedia":[{"embeddable":true,"href":"https:\/\/parkmuzakowski.nid.pl\/de\/wp-json\/wp\/v2\/media\/3136"}],"wp:attachment":[{"href":"https:\/\/parkmuzakowski.nid.pl\/de\/wp-json\/wp\/v2\/media?parent=3135"}],"wp:term":[{"taxonomy":"category","embeddable":true,"href":"https:\/\/parkmuzakowski.nid.pl\/de\/wp-json\/wp\/v2\/categories?post=3135"},{"taxonomy":"post_tag","embeddable":true,"href":"https:\/\/parkmuzakowski.nid.pl\/de\/wp-json\/wp\/v2\/tags?post=3135"}],"curies":[{"name":"wp","href":"https:\/\/api.w.org\/{rel}","templated":true}]}}