{"id":3122,"date":"2024-05-06T11:17:31","date_gmt":"2024-05-06T09:17:31","guid":{"rendered":"https:\/\/parkmuzakowski.nid.pl\/de\/?p=3122"},"modified":"2024-12-16T16:04:31","modified_gmt":"2024-12-16T15:04:31","slug":"die-maifeier-im-muskauer-park-liegt-nun-hinter-uns","status":"publish","type":"post","link":"https:\/\/parkmuzakowski.nid.pl\/de\/die-maifeier-im-muskauer-park-liegt-nun-hinter-uns\/","title":{"rendered":"Die &#8222;Maifeier im Muskauer Park&#8220; liegt nun hinter uns!"},"content":{"rendered":"<p><strong><span class=\"TextRun SCXW57164484 BCX8\" lang=\"PL-PL\" xml:lang=\"PL-PL\" data-contrast=\"auto\"><span class=\"NormalTextRun SCXW57164484 BCX8\">In den <\/span><span class=\"NormalTextRun SpellingErrorV2Themed SCXW57164484 BCX8\">Tagen<\/span> <span class=\"NormalTextRun SpellingErrorV2Themed SCXW57164484 BCX8\">v<\/span><span class=\"NormalTextRun SpellingErrorV2Themed SCXW57164484 BCX8\">om<\/span><span class=\"NormalTextRun SCXW57164484 BCX8\"> 1. bis <\/span><span class=\"NormalTextRun SpellingErrorV2Themed SCXW57164484 BCX8\">zum<\/span> <span class=\"NormalTextRun SCXW57164484 BCX8\">5. Mai <\/span><span class=\"NormalTextRun SpellingErrorV2Themed SCXW57164484 BCX8\">haben<\/span><span class=\"NormalTextRun SCXW57164484 BCX8\"> wir <\/span><span class=\"NormalTextRun SpellingErrorV2Themed SCXW57164484 BCX8\">symbolisch<\/span> <span class=\"NormalTextRun SpellingErrorV2Themed SCXW57164484 BCX8\">die<\/span> <span class=\"NormalTextRun SpellingErrorV2Themed SCXW57164484 BCX8\">neue<\/span> <span class=\"NormalTextRun SpellingErrorV2Themed SCXW57164484 BCX8\">Saison<\/span><span class=\"NormalTextRun SCXW57164484 BCX8\"> im <\/span><span class=\"NormalTextRun SpellingErrorV2Themed SCXW57164484 BCX8\">Muskauer<\/span><span class=\"NormalTextRun SCXW57164484 BCX8\"> Park <\/span><span class=\"NormalTextRun SpellingErrorV2Themed SCXW57164484 BCX8\">er\u00f6ffnet<\/span><span class=\"NormalTextRun SCXW57164484 BCX8\">. <\/span><span class=\"NormalTextRun SpellingErrorV2Themed SCXW57164484 BCX8\">Die<\/span> <span class=\"NormalTextRun SpellingErrorV2Themed SCXW57164484 BCX8\">Veranstaltung<\/span><span class=\"NormalTextRun SCXW57164484 BCX8\">, <\/span><span class=\"NormalTextRun SpellingErrorV2Themed SCXW57164484 BCX8\">die<\/span><span class=\"NormalTextRun SCXW57164484 BCX8\"> im <\/span><span class=\"NormalTextRun SpellingErrorV2Themed SCXW57164484 BCX8\">Rahmen<\/span><span class=\"NormalTextRun SCXW57164484 BCX8\"> des <\/span><span class=\"NormalTextRun SpellingErrorV2Themed SCXW57164484 BCX8\">Internationalen<\/span> <span class=\"NormalTextRun SpellingErrorV2Themed SCXW57164484 BCX8\">Denkmaltages<\/span><span class=\"NormalTextRun SCXW57164484 BCX8\"> 2024 <\/span><span class=\"NormalTextRun SpellingErrorV2Themed SCXW57164484 BCX8\">organisiert<\/span> <span class=\"NormalTextRun SpellingErrorV2Themed SCXW57164484 BCX8\">wurde<\/span><span class=\"NormalTextRun SCXW57164484 BCX8\">, bot <\/span><span class=\"NormalTextRun SpellingErrorV2Themed SCXW57164484 BCX8\">eine<\/span> <span class=\"NormalTextRun SpellingErrorV2Themed SCXW57164484 BCX8\">Vielzahl<\/span><span class=\"NormalTextRun SCXW57164484 BCX8\"> von <\/span><span class=\"NormalTextRun SpellingErrorV2Themed SCXW57164484 BCX8\">Aktivit\u00e4ten<\/span><span class=\"NormalTextRun SCXW57164484 BCX8\">, <\/span><span class=\"NormalTextRun SpellingErrorV2Themed SCXW57164484 BCX8\">darunter<\/span> <span class=\"NormalTextRun SpellingErrorV2Themed SCXW57164484 BCX8\">Wanderungen<\/span> <span class=\"NormalTextRun SpellingErrorV2Themed SCXW57164484 BCX8\">und<\/span> <span class=\"NormalTextRun SpellingErrorV2Themed SCXW57164484 BCX8\">Radtouren<\/span><span class=\"NormalTextRun SCXW57164484 BCX8\"> mit <\/span><span class=\"NormalTextRun SCXW57164484 BCX8\">Przewodnicy <\/span><span class=\"NormalTextRun SpellingErrorV2Themed SCXW57164484 BCX8\">Mu\u017cakowscy<\/span><span class=\"NormalTextRun SCXW57164484 BCX8\"> (<\/span><span class=\"NormalTextRun SpellingErrorV2Themed SCXW57164484 BCX8\">Muskauer<\/span> <span class=\"NormalTextRun SpellingErrorV2Themed SCXW57164484 BCX8\">Guides<\/span><span class=\"NormalTextRun SCXW57164484 BCX8\">)<\/span><span class=\"NormalTextRun SCXW57164484 BCX8\">, <\/span><span class=\"NormalTextRun SpellingErrorV2Themed SCXW57164484 BCX8\">ein<\/span> <span class=\"NormalTextRun SpellingErrorV2Themed SCXW57164484 BCX8\">Lagerfeuer<\/span><span class=\"NormalTextRun SCXW57164484 BCX8\">, <\/span><span class=\"NormalTextRun SpellingErrorV2Themed SCXW57164484 BCX8\">ein<\/span> <span class=\"NormalTextRun SpellingErrorV2Themed SCXW57164484 BCX8\">Konzert<\/span><span class=\"NormalTextRun SCXW57164484 BCX8\"> des <\/span><span class=\"NormalTextRun SpellingErrorV2Themed SCXW57164484 BCX8\">Thalloris-Quartetts<\/span> <span class=\"NormalTextRun SpellingErrorV2Themed SCXW57164484 BCX8\">und<\/span> <span class=\"NormalTextRun SpellingErrorV2Themed SCXW57164484 BCX8\">Floristik-Workshops<\/span><span class=\"NormalTextRun SCXW57164484 BCX8\">.\u00a0\u00a0\u00a0<\/span><\/span><span class=\"EOP SCXW57164484 BCX8\" data-ccp-props=\"{}\">\u00a0<\/span><\/strong><\/p>\n<p><span data-contrast=\"auto\">Die &#8222;Maifeier im Muskauer Park&#8220; ist eine zyklische Veranstaltung, die jedes Jahr stattfindet. Sie erinnert an das historische Ereignis vom 1. Mai 1815, als Hermann von P\u00fcckler-Muskau den B\u00fcrgern von Muskau den Beginn der Arbeiten zur Umwandlung der ehemaligen Residenz in einen gro\u00dfen Landschaftspark ank\u00fcndigte.<\/span><span data-ccp-props=\"{&quot;201341983&quot;:0,&quot;335559739&quot;:0,&quot;335559740&quot;:240}\">\u00a0<\/span><\/p>\n<p><span data-ccp-props=\"{&quot;201341983&quot;:0,&quot;335559739&quot;:0,&quot;335559740&quot;:240}\">\u00a0<\/span><span data-contrast=\"auto\">Im Rahmen der &#8222;Maifeier im Muskauer Park&#8220; fanden vom 1. bis 5. Mai t\u00e4glich gef\u00fchrte Wanderungen und Radtouren statt, die sich besonderer Beliebtheit erfreuten.\u00a0 Das Kultur- und Bildungszentrum des UNESCO Global Geoparks Muskauer Faltenbogen veranstaltete ein Informationstreffen mit den Einwohnern von \u0141\u0119knica \u00fcber den Start des Projekts &#8222;Muskauer Park &#8211; Steigerung der touristischen Attraktivit\u00e4t und der Barrierefreiheit des UNESCO-Welterbes&#8220; sowie einen Floristik-Workshop \u00fcber die Herstellung von Topfblumenkompositionen.\u00a0<\/span><span data-ccp-props=\"{&quot;201341983&quot;:0,&quot;335559739&quot;:0,&quot;335559740&quot;:240}\">\u00a0<\/span><\/p>\n<p><span data-contrast=\"auto\">Dar\u00fcber hinaus konnten die Besucher der Veranstaltung den Infostand des Nationalen Instituts f\u00fcr Kulturerbe aufsuchen und Muskauer Werbegadgets erhalten.<\/span><span data-ccp-props=\"{&quot;201341983&quot;:0,&quot;335559739&quot;:0,&quot;335559740&quot;:240}\">\u00a0<\/span><\/p>\n<p><span data-ccp-props=\"{&quot;201341983&quot;:0,&quot;335559739&quot;:0,&quot;335559740&quot;:240}\">\u00a0<\/span><span data-contrast=\"auto\">Am 3. Mai fanden ein Lagerfeuer und ein Konzert des Thalloris-Quartetts der Tadeusz-Baird-Philharmonie aus Zielona G\u00f3ra statt. Auf der Wiese neben dem Informationspavillon erklangen Kompositionen von Antonio Vivaldi und Abba, Jazzstandards und Musicalhits in Bearbeitung f\u00fcr Streichquartett.<\/span><span data-ccp-props=\"{&quot;201341983&quot;:0,&quot;335559739&quot;:0,&quot;335559740&quot;:240}\">\u00a0<\/span><\/p>\n<p><span data-ccp-props=\"{&quot;201341983&quot;:0,&quot;335559739&quot;:0,&quot;335559740&quot;:240}\">\u00a0<\/span><span data-contrast=\"auto\">Wir danken allen, die dabei waren, und sehen uns bei den n\u00e4chsten Veranstaltungen!<\/span><span data-ccp-props=\"{&quot;201341983&quot;:0,&quot;335559739&quot;:0,&quot;335559740&quot;:240}\">\u00a0<\/span><\/p>\n<p><span data-contrast=\"auto\">Wir m\u00f6chten Sie dazu einladen, uns auf Facebook und Instagram zu folgen, um \u00fcber alles, was im Park geschieht, auf dem Laufenden zu sein.<\/span><span data-ccp-props=\"{&quot;201341983&quot;:0,&quot;335559739&quot;:0,&quot;335559740&quot;:240}\">\u00a0<\/span><\/p>\n<p><span data-ccp-props=\"{&quot;201341983&quot;:0,&quot;335559739&quot;:0,&quot;335559740&quot;:240}\">\u00a0<\/span><span data-contrast=\"auto\">Die Veranstaltung wurde von der Muskauer-Park-Au\u00dfenstelle des Instituts f\u00fcr Kulturerbe in \u0141\u0119knica und dem Team f\u00fcr die Vorbereitung des Projekts &#8222;Muskauer Park &#8211; Steigerung der touristischen Attraktivit\u00e4t und Barrierefreiheit des UNESCO-Welterbes&#8220; in Zusammenarbeit mit der Stiftung &#8222;F\u00fcrst-P\u00fcckler-Park Bad Muskau&#8220;, dem Verein Geopark Muskauer Faltenbogen, der Stadt \u0141\u0119knica und der Philharmonie Zielona G\u00f3ra organisiert.<\/span><span data-ccp-props=\"{&quot;201341983&quot;:0,&quot;335559739&quot;:0,&quot;335559740&quot;:240}\">\u00a0<\/span><\/p>\n<p><span data-contrast=\"auto\">Die Veranstaltung stand unter der Schirmherrschaft von Bo\u017cena \u017belazowska, Generalkonservatorin f\u00fcr Denkmalpflege und Staatssekret\u00e4rin im Ministerium f\u00fcr Kultur und Nationales Erbe.<\/span><span data-ccp-props=\"{&quot;201341983&quot;:0,&quot;335559739&quot;:0,&quot;335559740&quot;:240}\">\u00a0<\/span><\/p>\n<p><span data-ccp-props=\"{&quot;201341983&quot;:0,&quot;335559739&quot;:0,&quot;335559740&quot;:240}\">\u00a0<\/span><span data-contrast=\"auto\">Das Projekt wird durch das INTERREG-Kooperationsprogramm 2021-2027 und das Ministerium f\u00fcr Kultur und Nationales Erbe finanziert.<\/span><span data-ccp-props=\"{&quot;201341983&quot;:0,&quot;335559739&quot;:0,&quot;335559740&quot;:240}\">\u00a0<\/span><\/p>\n<p><img loading=\"lazy\" decoding=\"async\" class=\"alignnone wp-image-3527 size-large\" src=\"https:\/\/parkmuzakowski.nid.pl\/de\/wp-content\/uploads\/2024\/10\/belka-DE-1024x132.png\" alt=\"\" width=\"1024\" height=\"132\" srcset=\"https:\/\/parkmuzakowski.nid.pl\/de\/wp-content\/uploads\/2024\/10\/belka-DE-980x126.png 980w, https:\/\/parkmuzakowski.nid.pl\/de\/wp-content\/uploads\/2024\/10\/belka-DE-480x62.png 480w\" sizes=\"(min-width: 0px) and (max-width: 480px) 480px, (min-width: 481px) and (max-width: 980px) 980px, (min-width: 981px) 1024px, 100vw\" \/><\/p>\n<p><span data-ccp-props=\"{&quot;201341983&quot;:0,&quot;335559739&quot;:0,&quot;335559740&quot;:240}\">\u00a0<\/span><\/p>\n","protected":false},"excerpt":{"rendered":"<p>In den Tagen vom 1. bis zum 5. Mai haben wir symbolisch die neue Saison im Muskauer Park er\u00f6ffnet. Die Veranstaltung, die im Rahmen des Internationalen Denkmaltages 2024 organisiert wurde, bot eine Vielzahl von Aktivit\u00e4ten, darunter Wanderungen und Radtouren mit Przewodnicy Mu\u017cakowscy (Muskauer Guides), ein Lagerfeuer, ein Konzert des Thalloris-Quartetts und Floristik-Workshops.\u00a0\u00a0\u00a0\u00a0 Die &#8222;Maifeier im [&hellip;]<\/p>\n","protected":false},"author":14,"featured_media":3123,"comment_status":"open","ping_status":"open","sticky":false,"template":"","format":"standard","meta":{"_acf_changed":false,"_et_pb_use_builder":"","_et_pb_old_content":"","_et_gb_content_width":"","footnotes":""},"categories":[53],"tags":[],"class_list":["post-3122","post","type-post","status-publish","format-standard","has-post-thumbnail","hentry","category-aktuelles"],"acf":[],"_links":{"self":[{"href":"https:\/\/parkmuzakowski.nid.pl\/de\/wp-json\/wp\/v2\/posts\/3122","targetHints":{"allow":["GET"]}}],"collection":[{"href":"https:\/\/parkmuzakowski.nid.pl\/de\/wp-json\/wp\/v2\/posts"}],"about":[{"href":"https:\/\/parkmuzakowski.nid.pl\/de\/wp-json\/wp\/v2\/types\/post"}],"author":[{"embeddable":true,"href":"https:\/\/parkmuzakowski.nid.pl\/de\/wp-json\/wp\/v2\/users\/14"}],"replies":[{"embeddable":true,"href":"https:\/\/parkmuzakowski.nid.pl\/de\/wp-json\/wp\/v2\/comments?post=3122"}],"version-history":[{"count":2,"href":"https:\/\/parkmuzakowski.nid.pl\/de\/wp-json\/wp\/v2\/posts\/3122\/revisions"}],"predecessor-version":[{"id":3541,"href":"https:\/\/parkmuzakowski.nid.pl\/de\/wp-json\/wp\/v2\/posts\/3122\/revisions\/3541"}],"wp:featuredmedia":[{"embeddable":true,"href":"https:\/\/parkmuzakowski.nid.pl\/de\/wp-json\/wp\/v2\/media\/3123"}],"wp:attachment":[{"href":"https:\/\/parkmuzakowski.nid.pl\/de\/wp-json\/wp\/v2\/media?parent=3122"}],"wp:term":[{"taxonomy":"category","embeddable":true,"href":"https:\/\/parkmuzakowski.nid.pl\/de\/wp-json\/wp\/v2\/categories?post=3122"},{"taxonomy":"post_tag","embeddable":true,"href":"https:\/\/parkmuzakowski.nid.pl\/de\/wp-json\/wp\/v2\/tags?post=3122"}],"curies":[{"name":"wp","href":"https:\/\/api.w.org\/{rel}","templated":true}]}}