{"id":3115,"date":"2024-04-22T10:48:01","date_gmt":"2024-04-22T08:48:01","guid":{"rendered":"https:\/\/parkmuzakowski.nid.pl\/de\/?p=3115"},"modified":"2024-12-16T16:04:51","modified_gmt":"2024-12-16T15:04:51","slug":"muskauer-park-maifeiertag-saisoneroeffnung","status":"publish","type":"post","link":"https:\/\/parkmuzakowski.nid.pl\/de\/muskauer-park-maifeiertag-saisoneroeffnung\/","title":{"rendered":"Muskauer Park Maifeiertag &#8211; Saisoner\u00f6ffnung"},"content":{"rendered":"<p>Der Maifeiertag im Muskauer Park ist ein zyklisches Ereignis, das die neue Saison einl\u00e4utet. W\u00e4hrend dieser f\u00fcnf Tage werden verschiedene kulturelle Aktivit\u00e4ten wie Wanderungen, Workshops, Begegnungen und Konzerte angeboten. Die Feier\u00a0\u00a0erinnert auch an das historische Ereignis vom 1. Mai 1815, als Hermann von P\u00fcckler-Muskau den B\u00fcrgern von Muskau den Beginn der Arbeiten zur Umwandlung der ehemaligen Residenz in einen gro\u00dfen Landschaftspark ank\u00fcndigte. Die diesj\u00e4hrige Maifeier findet im Rahmen des Internationalen Denkmaltages statt und ist gleichzeitig die erste Veranstaltung, die im Rahmen des Projektes &#8222;Muskauer Park &#8211; Steigerung der touristischen Attraktivit\u00e4t und Barrierefreiheit des UNESCO-Welterbes&#8220; durchgef\u00fchrt wird, das durch das durch das INTERREG-Kooperationsprogramm 2021-2027 und das Ministerium f\u00fcr Kultur und Nationales Erbe finanziert wird.<\/p>\n<p><strong>Programm:\u00a0<\/strong><\/p>\n<p><strong>\u00a0T\u00e4glich vom 1. bis 5. Mai; Treffpunkt: Informationspunkt, Hutnicza Str. 19\u00a0<\/strong><\/p>\n<p><strong>\u00a011:00 Muskauer Park mit dem Fahrrad\u202f\u00a0<\/strong><\/p>\n<p><span data-contrast=\"auto\">Der Muskauer Park ist mit einer Gesamtfl\u00e4che von mehr als 700 Hektar beiderseits der Nei\u00dfe eine der gr\u00f6\u00dften Parkanlagen Europas. Gegr\u00fcndet im 19. Jahrhundert, beherbergt er viele magische und geheimnisvolle Orte, die oft weit voneinander entfernt sind. Das Fahrrad ist das ideale Fortbewegungsmittel, mit dem Sie auch die entlegensten Winkel des Parks erreichen. Unsere Route wird jeden Tag anders sein und f\u00fchrt \u00fcber das Neue Schloss, die Odins- und Thor-Eichen, die Baumschule, den Bergpark, die Englische Br\u00fccke und die Kastanienallee.<\/span><span data-ccp-props=\"{}\">\u00a0<\/span><\/p>\n<p><span data-contrast=\"auto\">Tourdauer: ca. 3 Stunden; Fahrr\u00e4der sind selbst mitzubringen; ein Fahrradverleih ist u.a. im St\u00e4dtischen Kulturzentrum zu finden<\/span><span data-ccp-props=\"{}\">\u00a0<\/span><\/p>\n<p><span data-contrast=\"auto\">Die Teilnehmerzahl ist begrenzt, Anmeldungen werden in der Reihenfolge ihres Einganges ber\u00fccksichtigt; Anmeldung per E-Mail: <\/span><a href=\"mailto:leknica@nid.pl\"><span data-contrast=\"none\">leknica@nid.pl<\/span><\/a><span data-ccp-props=\"{}\">\u00a0<\/span><\/p>\n<p><b><span data-contrast=\"auto\">11:00 \u201eDen Muskauer Park entdecken &#8211; F\u00fchrungen durch das Welterbe\u201d<\/span><\/b><span data-ccp-props=\"{&quot;335559738&quot;:240,&quot;335559739&quot;:240}\">\u00a0<\/span><\/p>\n<p><span data-contrast=\"auto\">Der Muskauer Park \/ Park Muzakowski ist ein Landschaftsgarten im englischen Stil und hat eine Fl\u00e4che von 700 Hektar. In der ersten H\u00e4lfte des 19. Jahrhunderts legte Hermann F\u00fcrst von P\u00fcckler einen monumentalen Park im eiszeitlich geformten Nei\u00dfetal an. Die Lausitzer Nei\u00dfe wurde 1945 die neue Grenze zwischen Deutschland und Polen und so ist auch der Park zweigeteilt. Die Besonderheiten im polnischen Parkteil sind grandiose Sichtachsen \u00fcber das malerische Nei\u00dfetal. Im deutschen Parkteil w\u00e4re\u202fdas Neue Schloss mit den lieblichen Blumeng\u00e4rten hervorzuheben. Das Meisterwerk der Gartenkunst wurde 2004 in die Liste des UNESCO-Weltkulturerbes aufgenommen.<\/span><span data-ccp-props=\"{&quot;335559738&quot;:240,&quot;335559739&quot;:240}\">\u00a0<\/span><\/p>\n<p><span data-contrast=\"auto\">Vom 1.Mai bis 5.Mai finden t\u00e4glich gef\u00fchrte Wanderungen f\u00fcr unsere G\u00e4ste aus Deutschland statt. Die Leitung erfolgt durch den G\u00e4stef\u00fchrer J\u00fcrgen Siegemund. Die dreist\u00fcndige Tour beginnt am\u202fInformationspunkt vom Park Muzakowski in Leknica und ist kostenfrei.<\/span><span data-ccp-props=\"{&quot;335559738&quot;:240,&quot;335559739&quot;:240}\">\u00a0<\/span><\/p>\n<p><span data-contrast=\"auto\">Die Teilnehmer erhalten Informationen \u00fcber das Gartenkunstwerk und dessen Geschichte. Melden Sie Ihre Teilnahme noch heute an. e-mail: <\/span><a href=\"mailto:leknica@nid.pl\"><span data-contrast=\"none\">leknica@nid.pl<\/span><\/a><span data-ccp-props=\"{&quot;335559738&quot;:240,&quot;335559739&quot;:240}\">\u00a0<\/span><\/p>\n<p><strong>12:00 und 15:00 Uhr &#8220; Den Muskauer Park kennenlernen&#8220;. &#8211; Gef\u00fchrte Wanderungen\u00a0<\/strong><\/p>\n<p><span data-ccp-props=\"{}\">\u00a0<\/span><span data-contrast=\"auto\">Bei einer Wanderung mit unseren G\u00e4stef\u00fchrern haben Sie Zeit, sich umzuschauen und sich an den sch\u00f6nen Landschaften zu erfreuen. Bereits im 19. Jahrhundert formulierte F\u00fcrst Hermann von P\u00fcckler-Muskau das Konzept, dass der Park wie eine Bildergalerie sei. &#8222;Ein Schritt in den Wald, und wie von Zauberhand verschwinden Schloss und G\u00e4rten und machen Platz f\u00fcr die ungest\u00f6rte Einsamkeit und die erhabene Wildheit der Natur, bis eine Wegbiegung unerwartet den Blick auf ein Kunstwerk inmitten der dunklen Kiefern freigibt&#8220;.\u00a0 Die Wanderung bietet nicht nur die Gelegenheit, die Geschichte des Parks kennen zu lernen, sondern auch die au\u00dfergew\u00f6hnlichen Menschen, die ihn gepr\u00e4gt haben, zu treffen. Es wird auch eine einzigartige Begegnung mit der Natur sein.<\/span><span data-ccp-props=\"{}\">\u00a0<\/span><\/p>\n<p><span data-contrast=\"auto\">Tourdauer: ca. 3 Stunden; die F\u00fchrungen finden auf PL und ENG statt.<\/span><span data-ccp-props=\"{}\">\u00a0<\/span><\/p>\n<ol start=\"2\">\n<li><b><\/b><b><span data-contrast=\"auto\"> Mai, Kultur- und Bildungszentrum des UNESCO Global Geoparks Muskauer Faltenbogen<\/span><\/b><\/li>\n<\/ol>\n<p><span data-ccp-props=\"{}\">\u00a0<\/span><b><span data-contrast=\"auto\">12:00 Neues im Muskauer Park<\/span><\/b><span data-contrast=\"auto\"> &#8211; Informationsveranstaltung <\/span><span data-contrast=\"auto\">f\u00fcr die Einwohner <\/span><span data-contrast=\"auto\">zum Start des Projekts &#8222;Muskauer Park &#8211; Steigerung der touristischen Attraktivit\u00e4t und Barrierefreiheit <\/span><span data-contrast=\"auto\">des UNESCO-Weltkulturerbes<\/span><span data-contrast=\"auto\">&#8220;\u00a0\u00a0<\/span><span data-ccp-props=\"{}\">\u00a0<\/span><\/p>\n<p><span data-ccp-props=\"{}\">\u00a0<\/span><span data-contrast=\"auto\">Treffen f\u00fcr alle, die sich f\u00fcr den Start des Projekts &#8222;Muskauer Park &#8211; Steigerung der touristischen Attraktivit\u00e4t und Barrierefreiheit des UNESCO-Welterbes&#8220; im Rahmen des INTERREG-Kooperationsprogramms 2021-2027 interessieren.<\/span><span data-ccp-props=\"{}\">\u00a0<\/span><\/p>\n<ol start=\"3\">\n<li><b><span data-contrast=\"auto\"> Mai, Kultur- und Bildungszentrum des UNESCO Global Geoparks Muskauer Faltenbogen <\/span><\/b><b><span data-contrast=\"auto\">Geopark-Maifeier im Zentrum\u00a0<\/span><\/b><span data-ccp-props=\"{}\">\u00a0<\/span><\/li>\n<\/ol>\n<p><strong>\u00a0<\/strong><span data-contrast=\"auto\"><strong>ab 14.00 Uhr<\/strong>, besuchen Sie den Informationsstand des Muskauer Parks<\/span><span data-ccp-props=\"{}\">\u00a0<\/span><\/p>\n<p><strong>\u00a0<\/strong><span data-contrast=\"auto\"><strong>14:30 &#8211; 18:00 Uhr<\/strong> Florististik-Workshop mit Muskauer Park\u00a0\u00a0<\/span><span data-ccp-props=\"{}\">\u00a0<\/span><\/p>\n<p><span data-ccp-props=\"{}\">\u00a0<\/span><span data-contrast=\"auto\">Der Workshop bietet die M\u00f6glichkeit, die G\u00e4rtner des Parks zu treffen und gemeinsam Topfblumenkompositionen anzufertigen, die dann ausgew\u00e4hlte Orte im Park schm\u00fccken werden.<\/span><span data-ccp-props=\"{}\">\u00a0<\/span><\/p>\n<ol start=\"3\">\n<li><b><span data-contrast=\"auto\"> Mai, Muskauer Park Informationspunkt, Hutnicza Stra\u00dfe 19<\/span><\/b><\/li>\n<\/ol>\n<p><strong>\u00a018:00 Lagerfeuer\u00a0\u00a0<\/strong><\/p>\n<p><span data-contrast=\"auto\">Kaffee und Tee werden bereitgestellt; f\u00fcr Verpflegung ist selbst zu sorgen<\/span><span data-ccp-props=\"{}\">\u00a0<\/span><\/p>\n<p><strong>19:00 Konzert des Thalloris Quartetts, Tadeusz Baird &#8211; Philharmonie Zielona G\u00f3ra\u00a0<\/strong><\/p>\n<p><span data-contrast=\"auto\">Ein gem\u00fctliches Streichkonzert auf der Wiese am Informationspavillon. Auf dem Programm stehen u.a.: Antonio Vivaldi, <\/span><i><span data-contrast=\"auto\">Sommer<\/span><\/i><span data-contrast=\"auto\">; Jerry Bock, <\/span><i><span data-contrast=\"auto\">Sunrise, Sunset<\/span><\/i><span data-contrast=\"auto\">; Antonio Jobim, <\/span><i><span data-contrast=\"auto\">The Girl from Ipanema<\/span><\/i><span data-contrast=\"auto\">; Fred Fisher, <\/span><i><span data-contrast=\"auto\">Chicago<\/span><\/i><span data-contrast=\"auto\">; Bart Howard, <\/span><i><span data-contrast=\"auto\">Fly me to the Moon<\/span><\/i><span data-contrast=\"auto\">; Abba, Medley; Patrick Swayze, <\/span><i><span data-contrast=\"auto\">She&#8217;s like the wind<\/span><\/i><span data-contrast=\"auto\">.<\/span><span data-ccp-props=\"{}\">\u00a0<\/span><\/p>\n<p><span data-contrast=\"auto\">Wir empfehlen Ihnen, Decken mitzubringen!<\/span><span data-ccp-props=\"{}\">\u00a0<\/span><\/p>\n<p><img loading=\"lazy\" decoding=\"async\" class=\"alignnone wp-image-3527 size-large\" src=\"https:\/\/parkmuzakowski.nid.pl\/de\/wp-content\/uploads\/2024\/10\/belka-DE-1024x132.png\" alt=\"\" width=\"1024\" height=\"132\" srcset=\"https:\/\/parkmuzakowski.nid.pl\/de\/wp-content\/uploads\/2024\/10\/belka-DE-980x126.png 980w, https:\/\/parkmuzakowski.nid.pl\/de\/wp-content\/uploads\/2024\/10\/belka-DE-480x62.png 480w\" sizes=\"(min-width: 0px) and (max-width: 480px) 480px, (min-width: 481px) and (max-width: 980px) 980px, (min-width: 981px) 1024px, 100vw\" \/><\/p>\n","protected":false},"excerpt":{"rendered":"<p>Der Maifeiertag im Muskauer Park ist ein zyklisches Ereignis, das die neue Saison einl\u00e4utet. W\u00e4hrend dieser f\u00fcnf Tage werden verschiedene kulturelle Aktivit\u00e4ten wie Wanderungen, Workshops, Begegnungen und Konzerte angeboten. Die Feier\u00a0\u00a0erinnert auch an das historische Ereignis vom 1. Mai 1815, als Hermann von P\u00fcckler-Muskau den B\u00fcrgern von Muskau den Beginn der Arbeiten zur Umwandlung der [&hellip;]<\/p>\n","protected":false},"author":14,"featured_media":3116,"comment_status":"open","ping_status":"open","sticky":false,"template":"","format":"standard","meta":{"_acf_changed":false,"_et_pb_use_builder":"","_et_pb_old_content":"","_et_gb_content_width":"","footnotes":""},"categories":[53],"tags":[],"class_list":["post-3115","post","type-post","status-publish","format-standard","has-post-thumbnail","hentry","category-aktuelles"],"acf":[],"_links":{"self":[{"href":"https:\/\/parkmuzakowski.nid.pl\/de\/wp-json\/wp\/v2\/posts\/3115","targetHints":{"allow":["GET"]}}],"collection":[{"href":"https:\/\/parkmuzakowski.nid.pl\/de\/wp-json\/wp\/v2\/posts"}],"about":[{"href":"https:\/\/parkmuzakowski.nid.pl\/de\/wp-json\/wp\/v2\/types\/post"}],"author":[{"embeddable":true,"href":"https:\/\/parkmuzakowski.nid.pl\/de\/wp-json\/wp\/v2\/users\/14"}],"replies":[{"embeddable":true,"href":"https:\/\/parkmuzakowski.nid.pl\/de\/wp-json\/wp\/v2\/comments?post=3115"}],"version-history":[{"count":2,"href":"https:\/\/parkmuzakowski.nid.pl\/de\/wp-json\/wp\/v2\/posts\/3115\/revisions"}],"predecessor-version":[{"id":3543,"href":"https:\/\/parkmuzakowski.nid.pl\/de\/wp-json\/wp\/v2\/posts\/3115\/revisions\/3543"}],"wp:featuredmedia":[{"embeddable":true,"href":"https:\/\/parkmuzakowski.nid.pl\/de\/wp-json\/wp\/v2\/media\/3116"}],"wp:attachment":[{"href":"https:\/\/parkmuzakowski.nid.pl\/de\/wp-json\/wp\/v2\/media?parent=3115"}],"wp:term":[{"taxonomy":"category","embeddable":true,"href":"https:\/\/parkmuzakowski.nid.pl\/de\/wp-json\/wp\/v2\/categories?post=3115"},{"taxonomy":"post_tag","embeddable":true,"href":"https:\/\/parkmuzakowski.nid.pl\/de\/wp-json\/wp\/v2\/tags?post=3115"}],"curies":[{"name":"wp","href":"https:\/\/api.w.org\/{rel}","templated":true}]}}