{"id":3046,"date":"2019-09-26T10:56:35","date_gmt":"2019-09-26T08:56:35","guid":{"rendered":"https:\/\/www.park-muzakowski.pl\/de\/?p=3046"},"modified":"2019-09-26T10:57:03","modified_gmt":"2019-09-26T08:57:03","slug":"sinnenraeume-fuer-apfelbaeume-im-muskauer-park-september","status":"publish","type":"post","link":"https:\/\/parkmuzakowski.nid.pl\/de\/sinnenraeume-fuer-apfelbaeume-im-muskauer-park-september\/","title":{"rendered":"\u201eSinnenr\u00e4ume f\u00fcr Apfelb\u00e4ume\u201d im Muskauer Park &#8211; September"},"content":{"rendered":"<p>Am Sonnabend, dem 28. September, laden wir Sie in die historische Baumschule im polnischen Teil des Muskauer Parks ein, wo ein Pflanzen- und Gem\u00fcsemarkt \u201eSinnenr\u00e4ume f\u00fcr Apfelb\u00e4ume\u201d bereits zum sechsten Mal stattfinden wird.<\/p>\n<p>Zwischen 11.00 und 18.00 Uhr werden G\u00e4rtnereien sowie Baumschul- und Obstg\u00e4rtner aus der Region ihr Angebot pr\u00e4sentieren. Einer besonderen Beachtung verdient das von ihnen zusammengestellte Verkaufsangebot von Setzlingen alter Sorten von Obstb\u00e4umen sowie von Obst und Gem\u00fcse aus biologischem Anbau. Verkauft werden auch Zierpflanzen f\u00fcr den Garten. Wer Interesse an gartenspezifischer Beratung hat, wird sich an Spezialisten wenden k\u00f6nnen. Neugierige auf die Vielfalt der heimischen Flora und die Nutzung einheimischer Arten in Hausg\u00e4rten werden sich sicher \u00fcber einen Spaziergang in Begleitung des fachkundigen G\u00e4rtners freuen.<\/p>\n<p>Es wurde auch f\u00fcr ein reiches Verkaufsangebot an Pflanzenerzeugnissen, hausgemachten Produkten, Honig, regionalen Weinen und Handwerksprodukten gesorgt. Erwachsene und Kinder k\u00f6nnen an attraktiven Bewegungs- und Kunstworkshops teilnehmen, in denen sie Stringartbilder und Makramees werden erstellen k\u00f6nnen. In diesem Jahr haben F\u00f6rster aus Zielona G\u00f3ra einen Workshop mit dem Titel \u201eForstliches B\u00fcttenpapier \u2013 gestalten, komponieren und die Natur mitnehmen!\u201c vorbereitet.<\/p>\n<p>Frau Dr. Ing. Ewelina Fabia\u0144czyk von der Regionalen Direktion der Staatsforsten in Zielona G\u00f3ra erz\u00e4hlt \u00fcber den Workshop: \u201eWir alle wissen, dass Holz der Grundrohstoff f\u00fcr die Papierherstellung ist. Aber wie man heute Papier herstellt, diese Frage besch\u00e4ftigt niemanden mehr heutzutage. Wenn man zum Beispiel zur\u00fcckblickt, wie es vor 95 Jahren war, als die Polnischen Staatsforsten gegr\u00fcndet wurden &#8211; war damals wei\u00dfes, synthetisches Papier erh\u00e4ltlich?\u00a0 Damals waren Manufakturen f\u00fchrend, statistisch gesehen verbrauchte jeder Pole j\u00e4hrlich etwa 3 kg Papier und Vieles wurde manuell hergestellt. Deshalb werden F\u00f6rster aus Zielona G\u00f3ra in der Waldsiedlung der Staatsforsten w\u00e4hrend der Sinnenr\u00e4ume f\u00fcr Apfelb\u00e4ume die alte Kunst der Papierherstellung in Form von Workshops pr\u00e4sentieren. Es wird eine gro\u00dfartige Gelegenheit sein, sein eigenes \u00d6ko-Papierblatt zu entwerfen und interessante Gespr\u00e4che mit F\u00f6rstern zu f\u00fchren. Wir laden Sie in die Waldsiedlung ein!\u201c<\/p>\n<p>Wir laden alle, die sich unter der Herbstsonne zu stimmungsvoller Musik entspannen m\u00f6chten, herzlich ein.<\/p>\n","protected":false},"excerpt":{"rendered":"<p>Am Sonnabend, dem 28. September, laden wir Sie in die historische Baumschule im polnischen Teil des Muskauer Parks ein, wo ein Pflanzen- und Gem\u00fcsemarkt \u201eSinnenr\u00e4ume f\u00fcr Apfelb\u00e4ume\u201d bereits zum sechsten Mal stattfinden wird. Zwischen 11.00 und 18.00 Uhr werden G\u00e4rtnereien sowie Baumschul- und Obstg\u00e4rtner aus der Region ihr Angebot pr\u00e4sentieren. Einer besonderen Beachtung verdient das [&hellip;]<\/p>\n","protected":false},"author":9,"featured_media":3047,"comment_status":"open","ping_status":"open","sticky":false,"template":"","format":"standard","meta":{"_acf_changed":false,"_et_pb_use_builder":"","_et_pb_old_content":"","_et_gb_content_width":"","footnotes":""},"categories":[53],"tags":[],"class_list":["post-3046","post","type-post","status-publish","format-standard","has-post-thumbnail","hentry","category-aktuelles"],"acf":[],"_links":{"self":[{"href":"https:\/\/parkmuzakowski.nid.pl\/de\/wp-json\/wp\/v2\/posts\/3046","targetHints":{"allow":["GET"]}}],"collection":[{"href":"https:\/\/parkmuzakowski.nid.pl\/de\/wp-json\/wp\/v2\/posts"}],"about":[{"href":"https:\/\/parkmuzakowski.nid.pl\/de\/wp-json\/wp\/v2\/types\/post"}],"author":[{"embeddable":true,"href":"https:\/\/parkmuzakowski.nid.pl\/de\/wp-json\/wp\/v2\/users\/9"}],"replies":[{"embeddable":true,"href":"https:\/\/parkmuzakowski.nid.pl\/de\/wp-json\/wp\/v2\/comments?post=3046"}],"version-history":[{"count":0,"href":"https:\/\/parkmuzakowski.nid.pl\/de\/wp-json\/wp\/v2\/posts\/3046\/revisions"}],"wp:featuredmedia":[{"embeddable":true,"href":"https:\/\/parkmuzakowski.nid.pl\/de\/wp-json\/wp\/v2\/media\/3047"}],"wp:attachment":[{"href":"https:\/\/parkmuzakowski.nid.pl\/de\/wp-json\/wp\/v2\/media?parent=3046"}],"wp:term":[{"taxonomy":"category","embeddable":true,"href":"https:\/\/parkmuzakowski.nid.pl\/de\/wp-json\/wp\/v2\/categories?post=3046"},{"taxonomy":"post_tag","embeddable":true,"href":"https:\/\/parkmuzakowski.nid.pl\/de\/wp-json\/wp\/v2\/tags?post=3046"}],"curies":[{"name":"wp","href":"https:\/\/api.w.org\/{rel}","templated":true}]}}