{"id":2881,"date":"2019-06-10T10:19:36","date_gmt":"2019-06-10T08:19:36","guid":{"rendered":"https:\/\/www.park-muzakowski.pl\/de\/?p=2881"},"modified":"2019-07-08T11:21:18","modified_gmt":"2019-07-08T09:21:18","slug":"sinnenraeume-fuer-apfelbaeume-im-muskauer-park","status":"publish","type":"post","link":"https:\/\/parkmuzakowski.nid.pl\/de\/sinnenraeume-fuer-apfelbaeume-im-muskauer-park\/","title":{"rendered":"\u201eSinnenr\u00e4ume f\u00fcr Apfelb\u00e4ume\u201d im Muskauer Park"},"content":{"rendered":"<p><strong><div class=\"intro\"><p> <\/strong><strong>Am Samstag, den 8. Juni fand Pflanzen-und Obstmarkt \u201eSinnenr\u00e4ume f\u00fcr Apfelb\u00e4ume\u201c in der historischen Baumschule im polnischen Teil des Muskauer Parks statt. <\/strong><strong><p><\/div><\/strong><\/p>\n<p>Bei sch\u00f6nem Wetter besuchten fast zweitausend Touristen und Einwohner der umliegenden St\u00e4dte und D\u00f6rfer den Park an diesem Tag. Und jeder konnte etwas Interessantes f\u00fcr sich finden.<\/p>\n<p>Die G\u00e4rtner, Besitzer der Baumschulen und Obstbauern aus der Region sowie Gartenbaubetriebe stellten ihr breites Angebot vor. Dort konnte man also nicht nur Setzlinge alter Obstbaumsorten, sondern auch mehrere Zierpflanzen und Gartenger\u00e4te finden. Dabei gaben Fachleute f\u00fcr Gartenarbeit fachkundige Beratung.<\/p>\n<p>Auf gro\u00dfes Interesse stie\u00df auch ein Spaziergang mit einem G\u00e4rtner, der die Menschen durch die Wiesen f\u00fchrte und Ratschl\u00e4ge zur Aufrechterhaltung des Bestandes gab.<\/p>\n<p>Die Interessenten konnten pflanzliche Produkte, Konfit\u00fcren, Honig sowie Kunsthandwerk auf dem Pflanzen- und Obstmarkt erwerben. Die Workshops zur Herstellung von Filzobst und &#8222;Garten im Glas&#8220; sowie Flechten erfreuten sich auch gro\u00dfer Beliebtheit.<\/p>\n<p>Eine einzigartige Attraktion war au\u00dferdem die kulinarische Show des ber\u00fchmten K\u00fcchenchefs Tomasz Jakubiak. Am Ende h\u00f6rten die G\u00e4ste im Park das Konzert des Kammerorchesters der Philharmonie aus \u00a0Zielona G\u00f3ra.<\/p>\n<p>Die diesj\u00e4hrige Fr\u00fchjahrsausgabe von \u201eSinnenr\u00e4ume f\u00fcr Apfelb\u00e4ume\u201c ist Teil des Projektes \u201eMuskauer Park \u2013 Schutz, Entwicklung und F\u00f6rderung des europ\u00e4ischen Kulturerbes\u201d, das aus den Mitteln des Europ\u00e4ischen Fonds f\u00fcr regionale Entwicklung im Rahmen des Kooperationsprogramms INTERREG Polen-Sachsen 2014-2020 gef\u00f6rdert und gemeinsam mit der Verwalterin des deutschen Teils des Parks, der Stiftung \u201eF\u00fcrst-P\u00fcckler-Park Bad Muskau\u201d, realisiert wird.<\/p>\n<p><strong>Der Eintritt zu allen Veranstaltungen ist KOSTENLOS<\/strong><\/p>\n<p>*Der Muskauer Park ist einer der gr\u00f6\u00dften Landschaftsparks Europas. Er liegt auf beiden Ufern des Grenzflusses Lausitzer Nei\u00dfe. Auf der polnischen Seite nimmt er 522 ha ein, auf der deutschen Seite \u2013 206 ha (Residenzteil der Anlage befindet sich hier). Der Park, der sich harmonisch in die umgebende Landschaft einf\u00fcgt, ist Vorl\u00e4ufer neuer kompositorischer Anlagen auf dem Gebiet der Landschaftsgestaltung von Stadtr\u00e4umen sowie ein Wendepunkt in der Entwicklung der Landschaftsarchitektur als eigenst\u00e4ndiger Disziplin.<\/p>\n<p>Der Muskauer Schlosspark als grenz\u00fcberschreitender Eintrag (mit Deutschland) geh\u00f6rt seit 2004 zum UNESCO-Weltkulturerbe. Der polnische Teil des Parks wird vom Institut f\u00fcr Nationales Erbe verwaltet.<\/p>\n<p><img loading=\"lazy\" decoding=\"async\" class=\"wp-image-3000 alignnone\" src=\"https:\/\/www.park-muzakowski.pl\/de\/wp-content\/uploads\/2018\/05\/mkidn_01_cmyk-1-300x200.jpg\" alt=\"\" width=\"140\" height=\"93\" srcset=\"https:\/\/parkmuzakowski.nid.pl\/de\/wp-content\/uploads\/2018\/05\/mkidn_01_cmyk-1-300x200.jpg 300w, https:\/\/parkmuzakowski.nid.pl\/de\/wp-content\/uploads\/2018\/05\/mkidn_01_cmyk-1-768x512.jpg 768w, https:\/\/parkmuzakowski.nid.pl\/de\/wp-content\/uploads\/2018\/05\/mkidn_01_cmyk-1-1024x683.jpg 1024w, https:\/\/parkmuzakowski.nid.pl\/de\/wp-content\/uploads\/2018\/05\/mkidn_01_cmyk-1-50x33.jpg 50w, https:\/\/parkmuzakowski.nid.pl\/de\/wp-content\/uploads\/2018\/05\/mkidn_01_cmyk-1-1080x720.jpg 1080w, https:\/\/parkmuzakowski.nid.pl\/de\/wp-content\/uploads\/2018\/05\/mkidn_01_cmyk-1-24x16.jpg 24w, https:\/\/parkmuzakowski.nid.pl\/de\/wp-content\/uploads\/2018\/05\/mkidn_01_cmyk-1-36x24.jpg 36w, https:\/\/parkmuzakowski.nid.pl\/de\/wp-content\/uploads\/2018\/05\/mkidn_01_cmyk-1-48x32.jpg 48w, https:\/\/parkmuzakowski.nid.pl\/de\/wp-content\/uploads\/2018\/05\/mkidn_01_cmyk-1.jpg 1323w\" sizes=\"(max-width: 140px) 100vw, 140px\" \/><img loading=\"lazy\" decoding=\"async\" class=\" wp-image-2813 alignright\" src=\"https:\/\/www.park-muzakowski.pl\/de\/wp-content\/uploads\/2018\/07\/interreg_Polska-Saksonia_EN_RGB-2-300x128.jpg\" alt=\"\" width=\"263\" height=\"112\" srcset=\"https:\/\/parkmuzakowski.nid.pl\/de\/wp-content\/uploads\/2018\/07\/interreg_Polska-Saksonia_EN_RGB-2-300x128.jpg 300w, https:\/\/parkmuzakowski.nid.pl\/de\/wp-content\/uploads\/2018\/07\/interreg_Polska-Saksonia_EN_RGB-2-768x328.jpg 768w, https:\/\/parkmuzakowski.nid.pl\/de\/wp-content\/uploads\/2018\/07\/interreg_Polska-Saksonia_EN_RGB-2-1024x437.jpg 1024w, https:\/\/parkmuzakowski.nid.pl\/de\/wp-content\/uploads\/2018\/07\/interreg_Polska-Saksonia_EN_RGB-2-50x21.jpg 50w, https:\/\/parkmuzakowski.nid.pl\/de\/wp-content\/uploads\/2018\/07\/interreg_Polska-Saksonia_EN_RGB-2-1080x461.jpg 1080w, https:\/\/parkmuzakowski.nid.pl\/de\/wp-content\/uploads\/2018\/07\/interreg_Polska-Saksonia_EN_RGB-2-24x10.jpg 24w, https:\/\/parkmuzakowski.nid.pl\/de\/wp-content\/uploads\/2018\/07\/interreg_Polska-Saksonia_EN_RGB-2-36x15.jpg 36w, https:\/\/parkmuzakowski.nid.pl\/de\/wp-content\/uploads\/2018\/07\/interreg_Polska-Saksonia_EN_RGB-2-48x20.jpg 48w, https:\/\/parkmuzakowski.nid.pl\/de\/wp-content\/uploads\/2018\/07\/interreg_Polska-Saksonia_EN_RGB-2.jpg 1676w\" sizes=\"(max-width: 263px) 100vw, 263px\" \/><\/p>\n<p><span style=\"font-size: 10pt;\"><strong>Kofinanziert durch MKiDN<\/strong><\/span><\/p>\n<p>&nbsp;<\/p>\n","protected":false},"excerpt":{"rendered":"<p>Bei sch\u00f6nem Wetter besuchten fast zweitausend Touristen und Einwohner der umliegenden St\u00e4dte und D\u00f6rfer den Park an diesem Tag. Und jeder konnte etwas Interessantes f\u00fcr sich finden. Die G\u00e4rtner, Besitzer der Baumschulen und Obstbauern aus der Region sowie Gartenbaubetriebe stellten ihr breites Angebot vor. Dort konnte man also nicht nur Setzlinge alter Obstbaumsorten, sondern auch [&hellip;]<\/p>\n","protected":false},"author":9,"featured_media":2882,"comment_status":"open","ping_status":"open","sticky":false,"template":"","format":"standard","meta":{"_acf_changed":false,"_et_pb_use_builder":"","_et_pb_old_content":"","_et_gb_content_width":"","footnotes":""},"categories":[53],"tags":[],"class_list":["post-2881","post","type-post","status-publish","format-standard","has-post-thumbnail","hentry","category-aktuelles"],"acf":[],"_links":{"self":[{"href":"https:\/\/parkmuzakowski.nid.pl\/de\/wp-json\/wp\/v2\/posts\/2881","targetHints":{"allow":["GET"]}}],"collection":[{"href":"https:\/\/parkmuzakowski.nid.pl\/de\/wp-json\/wp\/v2\/posts"}],"about":[{"href":"https:\/\/parkmuzakowski.nid.pl\/de\/wp-json\/wp\/v2\/types\/post"}],"author":[{"embeddable":true,"href":"https:\/\/parkmuzakowski.nid.pl\/de\/wp-json\/wp\/v2\/users\/9"}],"replies":[{"embeddable":true,"href":"https:\/\/parkmuzakowski.nid.pl\/de\/wp-json\/wp\/v2\/comments?post=2881"}],"version-history":[{"count":0,"href":"https:\/\/parkmuzakowski.nid.pl\/de\/wp-json\/wp\/v2\/posts\/2881\/revisions"}],"wp:featuredmedia":[{"embeddable":true,"href":"https:\/\/parkmuzakowski.nid.pl\/de\/wp-json\/wp\/v2\/media\/2882"}],"wp:attachment":[{"href":"https:\/\/parkmuzakowski.nid.pl\/de\/wp-json\/wp\/v2\/media?parent=2881"}],"wp:term":[{"taxonomy":"category","embeddable":true,"href":"https:\/\/parkmuzakowski.nid.pl\/de\/wp-json\/wp\/v2\/categories?post=2881"},{"taxonomy":"post_tag","embeddable":true,"href":"https:\/\/parkmuzakowski.nid.pl\/de\/wp-json\/wp\/v2\/tags?post=2881"}],"curies":[{"name":"wp","href":"https:\/\/api.w.org\/{rel}","templated":true}]}}