{"id":2799,"date":"2018-07-06T13:08:36","date_gmt":"2018-07-06T11:08:36","guid":{"rendered":"https:\/\/www.park-muzakowski.pl\/de\/?p=2799"},"modified":"2018-07-06T13:09:11","modified_gmt":"2018-07-06T11:09:11","slug":"arnim-muskau-die-grafen-von-arnim-als-muskauer-standesherren","status":"publish","type":"post","link":"https:\/\/parkmuzakowski.nid.pl\/de\/arnim-muskau-die-grafen-von-arnim-als-muskauer-standesherren\/","title":{"rendered":"Arnim-Muskau Die Grafen von Arnim als Muskauer Standesherren"},"content":{"rendered":"<p>P\u00fccklers Verdienste f\u00fcr den Park und f\u00fcr Muskau sind unbestritten. Dank seines schriftstellerischen Esprits sind diese auch international bekannt und werden entsprechend gew\u00fcrdigt. Durch diesen langen Schlagschatten sind die Nachfolger P\u00fccklers beinahe in Vergessenheit geraten, obwohl durch ihr Zutun und engagiertes Handeln die fl\u00fcchtigen Ideen und Fragmente P\u00fccklers nicht manifestiert und in ein stimmiges Ganzes zusammengef\u00fchrt worden w\u00e4ren. In der Gesamtbetrachtung muss jedoch deutlich hervorgehoben werden: Muskau ist mehr als nur P\u00fcckler.<\/p>\n<p>Von der Bedeutung und den Leistungen von drei Generationen der Familie von Arnim, den Besitzern des Gutes in den Jahren 1883-1945, erz\u00e4hlt die Ausstellung, die gerade im Neuen Sch<img loading=\"lazy\" decoding=\"async\" class=\"wp-image-2801 alignright\" src=\"https:\/\/www.park-muzakowski.pl\/de\/wp-content\/uploads\/2018\/07\/P7050003-e1530875255608-265x300.jpg\" alt=\"\" width=\"161\" height=\"182\" srcset=\"https:\/\/parkmuzakowski.nid.pl\/de\/wp-content\/uploads\/2018\/07\/P7050003-e1530875255608-265x300.jpg 265w, https:\/\/parkmuzakowski.nid.pl\/de\/wp-content\/uploads\/2018\/07\/P7050003-e1530875255608-768x869.jpg 768w, https:\/\/parkmuzakowski.nid.pl\/de\/wp-content\/uploads\/2018\/07\/P7050003-e1530875255608-905x1024.jpg 905w, https:\/\/parkmuzakowski.nid.pl\/de\/wp-content\/uploads\/2018\/07\/P7050003-e1530875255608-44x50.jpg 44w, https:\/\/parkmuzakowski.nid.pl\/de\/wp-content\/uploads\/2018\/07\/P7050003-e1530875255608-21x24.jpg 21w, https:\/\/parkmuzakowski.nid.pl\/de\/wp-content\/uploads\/2018\/07\/P7050003-e1530875255608-32x36.jpg 32w, https:\/\/parkmuzakowski.nid.pl\/de\/wp-content\/uploads\/2018\/07\/P7050003-e1530875255608-42x48.jpg 42w, https:\/\/parkmuzakowski.nid.pl\/de\/wp-content\/uploads\/2018\/07\/P7050003-e1530875255608.jpg 916w\" sizes=\"(max-width: 161px) 100vw, 161px\" \/>loss er\u00f6ffnet wurde.<\/p>\n<p>Bei der Verfolgung von Spuren der ehemaligen Besitzer des Parks hilft eine f\u00fcr die Ausstellung erstellte Karte. Darauf sind Orte markiert, zu deren Entstehung, Verwandlung oder Vollendung die nachfolgenden Generationen der Familie von Arnim beigetragen haben. Diese Orte, die in beiden Teilen des Parks mit dreieckigen Tafeln markiert sind, sind leicht zu finden.<\/p>\n<p>Die Schau, die in Regie der Stiftung \u201eF\u00fcrst-P\u00fcckler-Park Bad Muskau\u201c entstand und ist in den Sonderausstellungsr\u00e4umen im 2. Obergeschoss im Neuen Schloss eingerichtet.<\/p>\n<p>\u00d6ffnungszeiten: 10. Juni bis 9. September, t\u00e4glich von 10 bis 18 Uhr.<\/p>\n","protected":false},"excerpt":{"rendered":"<p>P\u00fccklers Verdienste f\u00fcr den Park und f\u00fcr Muskau sind unbestritten. Dank seines schriftstellerischen Esprits sind diese auch international bekannt und werden entsprechend gew\u00fcrdigt. Durch diesen langen Schlagschatten sind die Nachfolger P\u00fccklers beinahe in Vergessenheit geraten, obwohl durch ihr Zutun und engagiertes Handeln die fl\u00fcchtigen Ideen und Fragmente P\u00fccklers nicht manifestiert und in ein stimmiges Ganzes [&hellip;]<\/p>\n","protected":false},"author":9,"featured_media":2803,"comment_status":"open","ping_status":"open","sticky":false,"template":"","format":"standard","meta":{"_acf_changed":false,"_et_pb_use_builder":"","_et_pb_old_content":"","_et_gb_content_width":"","footnotes":""},"categories":[53],"tags":[],"class_list":["post-2799","post","type-post","status-publish","format-standard","has-post-thumbnail","hentry","category-aktuelles"],"acf":[],"_links":{"self":[{"href":"https:\/\/parkmuzakowski.nid.pl\/de\/wp-json\/wp\/v2\/posts\/2799","targetHints":{"allow":["GET"]}}],"collection":[{"href":"https:\/\/parkmuzakowski.nid.pl\/de\/wp-json\/wp\/v2\/posts"}],"about":[{"href":"https:\/\/parkmuzakowski.nid.pl\/de\/wp-json\/wp\/v2\/types\/post"}],"author":[{"embeddable":true,"href":"https:\/\/parkmuzakowski.nid.pl\/de\/wp-json\/wp\/v2\/users\/9"}],"replies":[{"embeddable":true,"href":"https:\/\/parkmuzakowski.nid.pl\/de\/wp-json\/wp\/v2\/comments?post=2799"}],"version-history":[{"count":0,"href":"https:\/\/parkmuzakowski.nid.pl\/de\/wp-json\/wp\/v2\/posts\/2799\/revisions"}],"wp:featuredmedia":[{"embeddable":true,"href":"https:\/\/parkmuzakowski.nid.pl\/de\/wp-json\/wp\/v2\/media\/2803"}],"wp:attachment":[{"href":"https:\/\/parkmuzakowski.nid.pl\/de\/wp-json\/wp\/v2\/media?parent=2799"}],"wp:term":[{"taxonomy":"category","embeddable":true,"href":"https:\/\/parkmuzakowski.nid.pl\/de\/wp-json\/wp\/v2\/categories?post=2799"},{"taxonomy":"post_tag","embeddable":true,"href":"https:\/\/parkmuzakowski.nid.pl\/de\/wp-json\/wp\/v2\/tags?post=2799"}],"curies":[{"name":"wp","href":"https:\/\/api.w.org\/{rel}","templated":true}]}}